{"id":70785,"date":"2024-10-28T06:57:17","date_gmt":"2024-10-28T10:57:17","guid":{"rendered":"https:\/\/jms.com.bo\/mediamonitor\/2024\/10\/28\/bananeros-echan-su-produccion-en-carretera-en-medio-del-bloqueo-evista-lamentan-perdidas-millonarias\/"},"modified":"2024-10-28T06:57:17","modified_gmt":"2024-10-28T10:57:17","slug":"bananeros-echan-su-produccion-en-carretera-en-medio-del-bloqueo-evista-lamentan-perdidas-millonarias","status":"publish","type":"post","link":"https:\/\/jms.com.bo\/mediamonitor\/2024\/10\/28\/bananeros-echan-su-produccion-en-carretera-en-medio-del-bloqueo-evista-lamentan-perdidas-millonarias\/","title":{"rendered":"Bananeros echan su producci\u00f3n en carretera en medio del bloqueo evista, lamentan p\u00e9rdidas millonarias"},"content":{"rendered":"<p style=\"text-align: justify;\">Con impotencia, un productor de banana, ech\u00f3 fruta equivalente a un cami\u00f3n por el perjuicio que les genera el bloqueo evista, la medida que tomaron es s\u00edmbolo de protesta del sector que al 13 d\u00eda de la movilizaci\u00f3n de sectores af\u00edn a Evo Morales les gener\u00f3 p\u00e9rdidas millonarias.<\/p>\n<p style=\"text-align: justify;\">En un video, el productor, manifest\u00f3 su molestia y la raz\u00f3n por la que ech\u00f3 su producci\u00f3n, \u201cel paro es porque no hay d\u00f3lares y di\u00e9sel, estamos tirando esto que es equivalente a un cami\u00f3n, estamos perdiendo cinco millones de d\u00f3lares. Esto se hubiese convertido en d\u00f3lares, la gente es un desastre. La fruta es m\u00eda, la bot\u00e9esta ma\u00f1ana\u201d.<\/p>\n<p style=\"text-align: justify;\">Por otro lado, despu\u00e9s que este hecho se viralizara, Tito Gonzales, el secretario general del Sindicato Senda B Nueva Cana\u00e1n, pidi\u00f3 al Gobierno Nacional y al expresidente Evo Morales que dialoguen, con el fin de poner un freno a estos bloqueos que pasan facturas econ\u00f3micas. Adem\u00e1s, Gonzales, lamenta que posiblemente se pierdan acuerdos con pa\u00edses vecinos.<\/p>\n<p style=\"text-align: justify;\">\u201cComo un sindicato bananero por las perdidas ocasionadas en este bloqueo que llevan m\u00e1s de 12 d\u00edas, estamos muy preocupados, como ustedes ver\u00e1n los bananeros decidieron botar su producto que exportamos a Chile y Uruguay, ya estamos a punto de perder los convenios bilaterales que en su momento hemos suscrito con estos pa\u00edses\u00bb, dijo el productor.<\/p>\n<p style=\"text-align: justify;\">Bolivia exporta banana a Argentina, Chile, Uruguay y Brasil, por las medidas de presi\u00f3n evistas tan solo en Chimor\u00e9 la p\u00e9rdida ascendi\u00f3 a 350. 000 cajas de este fruto, lo que equivale a cinco millones de d\u00f3lares. \u201cEstamos sufriendo, en su mayor\u00eda, qu\u00e9 haremos\u201d, expres\u00f3 el bananero.<\/p>\n<p style=\"text-align: justify;\">Por su parte, el presidente de la C\u00e1mara Agropecuaria de Cochabamba, Agust\u00edn Conde, se sum\u00f3 al pedido de sus colegas para que el Gobierno Nacional dialogue con los evistas. \u201cTenemos problemas para llegar a los mercados de Argentina, Chile, entre otros, con estos bloqueos no podemos llegar\u201d.<\/p>\n<p style=\"text-align: justify;\">\n","protected":false},"excerpt":{"rendered":"<p>Con impotencia, un productor de banana, ech\u00f3 fruta equivalente a un cami\u00f3n por el perjuicio que les genera el bloqueo evista, la medida que tomaron es s\u00edmbolo de protesta del sector que al 13 d\u00eda de la movilizaci\u00f3n de sectores af\u00edn a Evo Morales les gener\u00f3 p\u00e9rdidas millonarias. En un video, el productor, manifest\u00f3 su [&hellip;]<\/p>\n","protected":false},"author":4,"featured_media":70786,"comment_status":"open","ping_status":"closed","sticky":false,"template":"","format":"standard","meta":{"footnotes":""},"categories":[25],"tags":[],"class_list":["post-70785","post","type-post","status-publish","format-standard","has-post-thumbnail","category-economia"],"_links":{"self":[{"href":"https:\/\/jms.com.bo\/mediamonitor\/wp-json\/wp\/v2\/posts\/70785","targetHints":{"allow":["GET"]}}],"collection":[{"href":"https:\/\/jms.com.bo\/mediamonitor\/wp-json\/wp\/v2\/posts"}],"about":[{"href":"https:\/\/jms.com.bo\/mediamonitor\/wp-json\/wp\/v2\/types\/post"}],"author":[{"embeddable":true,"href":"https:\/\/jms.com.bo\/mediamonitor\/wp-json\/wp\/v2\/users\/4"}],"replies":[{"embeddable":true,"href":"https:\/\/jms.com.bo\/mediamonitor\/wp-json\/wp\/v2\/comments?post=70785"}],"version-history":[{"count":0,"href":"https:\/\/jms.com.bo\/mediamonitor\/wp-json\/wp\/v2\/posts\/70785\/revisions"}],"wp:featuredmedia":[{"embeddable":true,"href":"https:\/\/jms.com.bo\/mediamonitor\/wp-json\/wp\/v2\/media\/70786"}],"wp:attachment":[{"href":"https:\/\/jms.com.bo\/mediamonitor\/wp-json\/wp\/v2\/media?parent=70785"}],"wp:term":[{"taxonomy":"category","embeddable":true,"href":"https:\/\/jms.com.bo\/mediamonitor\/wp-json\/wp\/v2\/categories?post=70785"},{"taxonomy":"post_tag","embeddable":true,"href":"https:\/\/jms.com.bo\/mediamonitor\/wp-json\/wp\/v2\/tags?post=70785"}],"curies":[{"name":"wp","href":"https:\/\/api.w.org\/{rel}","templated":true}]}}