{"id":70909,"date":"2024-10-31T06:55:31","date_gmt":"2024-10-31T10:55:31","guid":{"rendered":"https:\/\/jms.com.bo\/mediamonitor\/2024\/10\/31\/gobierno-aprueba-decreto-para-compensacion-economica-a-policias-en-situaciones-de-riesgo\/"},"modified":"2024-10-31T06:55:31","modified_gmt":"2024-10-31T10:55:31","slug":"gobierno-aprueba-decreto-para-compensacion-economica-a-policias-en-situaciones-de-riesgo","status":"publish","type":"post","link":"https:\/\/jms.com.bo\/mediamonitor\/2024\/10\/31\/gobierno-aprueba-decreto-para-compensacion-economica-a-policias-en-situaciones-de-riesgo\/","title":{"rendered":"Gobierno aprueba decreto para compensaci\u00f3n econ\u00f3mica a polic\u00edas en situaciones de riesgo"},"content":{"rendered":"<p style=\"text-align: justify;\">El presidente Luis Arce promulg\u00f3 un nuevo decreto supremo este mi\u00e9rcoles, instituyendo el \u00abReconocimiento Econ\u00f3mico al Esfuerzo\u00bb para el personal de la Polic\u00eda Boliviana que cumple labores en condiciones de riesgo elevado.<\/p>\n<p style=\"text-align: justify;\">En concreto, se trata del Decreto Supremo 5256, cuyo art\u00edculo \u00fanico se\u00f1ala: \u201cse establece el \u00abReconocimiento Econ\u00f3mico al Esfuerzo\u00bb, que ser\u00e1 entregado en la gesti\u00f3n 2024, a favor de las servidoras y servidores p\u00fablicos de la Polic\u00eda Boliviana que ejerzan su misi\u00f3n constitucional en situaciones que ponen en riesgo su vida e integridad f\u00edsica, de acuerdo a reglamentaci\u00f3n\u201d.<\/p>\n<p style=\"text-align: justify;\">Decreto<\/p>\n<p style=\"text-align: justify;\">La medida, aprobada en el Consejo de Ministros, resalta la misi\u00f3n de la Polic\u00eda en la defensa p\u00fablica y el cumplimiento de la ley, bajo un mando \u00fanico conforme a la Constituci\u00f3n y leyes vigentes.<\/p>\n<p style=\"text-align: justify;\">Asimismo, la promulgaci\u00f3n del decreto coincide con el mensaje presidencial de Arce, en el cual, el mandatario denunci\u00f3 que, hasta la fecha, 61 efectivos policiales fueron heridos en los enfrentamientos con los bloqueadores del ala evista del Movimiento Al Socialismo (MAS).<\/p>\n<p style=\"text-align: justify;\">El mandatario lament\u00f3 que las fuerzas del orden sean atacadas solo por cumplir con su labor constitucional. Inclusive, record\u00f3 que un efectivo casi pierde el pie, luego de un dinamitazo en la localidad de Parotani.<\/p>\n<p style=\"text-align: justify;\">Reglamentaci\u00f3n<br \/>\nPor ello, la compensaci\u00f3n estar\u00e1 destinada a aquellos polic\u00edas que, en el ejercicio de sus funciones, afronten situaciones que comprometan su vida e integridad f\u00edsica, demostrando su compromiso hacia la seguridad nacional.<\/p>\n<p style=\"text-align: justify;\">Adem\u00e1s, el decreto establece que el Ministerio de Gobierno elaborar\u00e1 la reglamentaci\u00f3n espec\u00edfica para implementar la medida dentro de los pr\u00f3ximos diez d\u00edas h\u00e1biles.<\/p>\n<p style=\"text-align: justify;\">El decreto se\u00f1ala que reconocimiento econ\u00f3mico forma parte del esfuerzo del Gobierno por subrayar el rol preventivo y de auxilio de la Polic\u00eda en la seguridad y estabilidad social del pa\u00eds, tal como establece la Ley Org\u00e1nica de la Polic\u00eda Boliviana.<\/p>\n","protected":false},"excerpt":{"rendered":"<p>El presidente Luis Arce promulg\u00f3 un nuevo decreto supremo este mi\u00e9rcoles, instituyendo el \u00abReconocimiento Econ\u00f3mico al Esfuerzo\u00bb para el personal de la Polic\u00eda Boliviana que cumple labores en condiciones de riesgo elevado. En concreto, se trata del Decreto Supremo 5256, cuyo art\u00edculo \u00fanico se\u00f1ala: \u201cse establece el \u00abReconocimiento Econ\u00f3mico al Esfuerzo\u00bb, que ser\u00e1 entregado en [&hellip;]<\/p>\n","protected":false},"author":4,"featured_media":70910,"comment_status":"open","ping_status":"closed","sticky":false,"template":"","format":"standard","meta":{"footnotes":""},"categories":[18],"tags":[],"class_list":["post-70909","post","type-post","status-publish","format-standard","has-post-thumbnail","category-politica"],"_links":{"self":[{"href":"https:\/\/jms.com.bo\/mediamonitor\/wp-json\/wp\/v2\/posts\/70909","targetHints":{"allow":["GET"]}}],"collection":[{"href":"https:\/\/jms.com.bo\/mediamonitor\/wp-json\/wp\/v2\/posts"}],"about":[{"href":"https:\/\/jms.com.bo\/mediamonitor\/wp-json\/wp\/v2\/types\/post"}],"author":[{"embeddable":true,"href":"https:\/\/jms.com.bo\/mediamonitor\/wp-json\/wp\/v2\/users\/4"}],"replies":[{"embeddable":true,"href":"https:\/\/jms.com.bo\/mediamonitor\/wp-json\/wp\/v2\/comments?post=70909"}],"version-history":[{"count":0,"href":"https:\/\/jms.com.bo\/mediamonitor\/wp-json\/wp\/v2\/posts\/70909\/revisions"}],"wp:featuredmedia":[{"embeddable":true,"href":"https:\/\/jms.com.bo\/mediamonitor\/wp-json\/wp\/v2\/media\/70910"}],"wp:attachment":[{"href":"https:\/\/jms.com.bo\/mediamonitor\/wp-json\/wp\/v2\/media?parent=70909"}],"wp:term":[{"taxonomy":"category","embeddable":true,"href":"https:\/\/jms.com.bo\/mediamonitor\/wp-json\/wp\/v2\/categories?post=70909"},{"taxonomy":"post_tag","embeddable":true,"href":"https:\/\/jms.com.bo\/mediamonitor\/wp-json\/wp\/v2\/tags?post=70909"}],"curies":[{"name":"wp","href":"https:\/\/api.w.org\/{rel}","templated":true}]}}