{"id":70911,"date":"2024-10-31T06:56:37","date_gmt":"2024-10-31T10:56:37","guid":{"rendered":"https:\/\/jms.com.bo\/mediamonitor\/2024\/10\/31\/arce-exige-levantar-bloqueos-y-advierte-que-ejercera-sus-facultades-constitucionales\/"},"modified":"2024-10-31T06:56:37","modified_gmt":"2024-10-31T10:56:37","slug":"arce-exige-levantar-bloqueos-y-advierte-que-ejercera-sus-facultades-constitucionales","status":"publish","type":"post","link":"https:\/\/jms.com.bo\/mediamonitor\/2024\/10\/31\/arce-exige-levantar-bloqueos-y-advierte-que-ejercera-sus-facultades-constitucionales\/","title":{"rendered":"Arce exige levantar bloqueos y advierte que \u201cejercer\u00e1 sus facultades constitucionales\u201d"},"content":{"rendered":"<p style=\"text-align: justify;\">El presidente Luis Arce hizo una conminatoria a levantar los bloqueos de carreteras, que impulsan sectores evistas desde hace 17 d\u00edas, caso contrario advirti\u00f3 con ejercer las facultades constitucionales para precautelar el inter\u00e9s del pueblo boliviano.<\/p>\n<p style=\"text-align: justify;\">El mandatario hizo el pronunciamiento a trav\u00e9s de un mensaje de seis minutos divulgado por el canal estatal Bolivia TV. \u201cExigimos el levantamiento inmediato de todos los puntos de bloqueo para el restablecimiento de la normalidad en nuestro pa\u00eds. De no escuchar este clamoroso pedido del pueblo boliviano, nuestro Gobierno elegido democr\u00e1ticamente con m\u00e1s del 55% de los votos, ejercer\u00e1 sus facultades constitucionales para precautelar el inter\u00e9s del pueblo boliviano\u201d, enfatiz\u00f3 Arce. Insisti\u00f3 que no puede haber di\u00e1logo si no se levantan las protestas que est\u00e1n estrangulando la econom\u00eda de las familias.<\/p>\n<p style=\"text-align: justify;\">El presidente fustig\u00f3 adem\u00e1s el ataque de los bloqueadores a polic\u00edas y periodistas el martes en la localidad cruce\u00f1a de Mariana, en la ruta antigua a Cochabamba. \u201cMientras los efectivos policiales, que trabajan para garantizar la libre transitabilidad, se encontraban equipados solo con agentes antidisturbios, es decir gases lacrim\u00f3genos, algunos bloqueadores estaban equipados con armas de fuego, dinamita y otros\u201d, remarc\u00f3.<\/p>\n<p style=\"text-align: justify;\">Apunt\u00f3 que los bloqueos solo buscan imponer la candidatura de Evo Morales y dejarlo en la impunidad en los procesos judiciales que afronta. Denunci\u00f3 que existe un chantaje de sus afines de que si no se accede a sus peticiones escalar\u00e1n en la violencia y correr\u00e1 sangre.<\/p>\n<p style=\"text-align: justify;\">\u201cHablan abiertamente de guerra civil, de sangre en las carreteras, esto aqu\u00ed o en cualquier otro pa\u00eds es un acto de flagrante atropello a los derechos humanos de toda la poblaci\u00f3n\u201d, critic\u00f3 el mandatario.<\/p>\n<p style=\"text-align: justify;\">El pronunciamiento surgi\u00f3 cuando se cumplen 17 d\u00edas de bloqueos de los afines a Evo Morales. En esta jornada hay 24 puntos de bloqueo, 20 de ellos en Cochabamba, dos en Potos\u00ed, uno en Oruro y otro en Santa Cruz.<\/p>\n<p style=\"text-align: justify;\">Dej\u00f3 en claro que los intereses de una sola persona no estar\u00e1n nunca por encima del bien com\u00fan. Al hacer un recuento se\u00f1al\u00f3 que las movilizaciones del ala radical del MAS han dejado 70 heridos, nueve de ellos civiles y 61 polic\u00edas, adem\u00e1s de p\u00e9rdidas econ\u00f3micas de $us 1.700 millones.<\/p>\n","protected":false},"excerpt":{"rendered":"<p>El presidente Luis Arce hizo una conminatoria a levantar los bloqueos de carreteras, que impulsan sectores evistas desde hace 17 d\u00edas, caso contrario advirti\u00f3 con ejercer las facultades constitucionales para precautelar el inter\u00e9s del pueblo boliviano. El mandatario hizo el pronunciamiento a trav\u00e9s de un mensaje de seis minutos divulgado por el canal estatal Bolivia [&hellip;]<\/p>\n","protected":false},"author":4,"featured_media":70912,"comment_status":"open","ping_status":"closed","sticky":false,"template":"","format":"standard","meta":{"footnotes":""},"categories":[18],"tags":[],"class_list":["post-70911","post","type-post","status-publish","format-standard","has-post-thumbnail","category-politica"],"_links":{"self":[{"href":"https:\/\/jms.com.bo\/mediamonitor\/wp-json\/wp\/v2\/posts\/70911","targetHints":{"allow":["GET"]}}],"collection":[{"href":"https:\/\/jms.com.bo\/mediamonitor\/wp-json\/wp\/v2\/posts"}],"about":[{"href":"https:\/\/jms.com.bo\/mediamonitor\/wp-json\/wp\/v2\/types\/post"}],"author":[{"embeddable":true,"href":"https:\/\/jms.com.bo\/mediamonitor\/wp-json\/wp\/v2\/users\/4"}],"replies":[{"embeddable":true,"href":"https:\/\/jms.com.bo\/mediamonitor\/wp-json\/wp\/v2\/comments?post=70911"}],"version-history":[{"count":0,"href":"https:\/\/jms.com.bo\/mediamonitor\/wp-json\/wp\/v2\/posts\/70911\/revisions"}],"wp:featuredmedia":[{"embeddable":true,"href":"https:\/\/jms.com.bo\/mediamonitor\/wp-json\/wp\/v2\/media\/70912"}],"wp:attachment":[{"href":"https:\/\/jms.com.bo\/mediamonitor\/wp-json\/wp\/v2\/media?parent=70911"}],"wp:term":[{"taxonomy":"category","embeddable":true,"href":"https:\/\/jms.com.bo\/mediamonitor\/wp-json\/wp\/v2\/categories?post=70911"},{"taxonomy":"post_tag","embeddable":true,"href":"https:\/\/jms.com.bo\/mediamonitor\/wp-json\/wp\/v2\/tags?post=70911"}],"curies":[{"name":"wp","href":"https:\/\/api.w.org\/{rel}","templated":true}]}}