{"id":70919,"date":"2024-10-31T07:18:01","date_gmt":"2024-10-31T11:18:01","guid":{"rendered":"https:\/\/jms.com.bo\/mediamonitor\/2024\/10\/31\/los-17-dias-de-bloqueos-causaron-perdidas-de-us-1-700-millones-segun-arce\/"},"modified":"2024-10-31T07:18:01","modified_gmt":"2024-10-31T11:18:01","slug":"los-17-dias-de-bloqueos-causaron-perdidas-de-us-1-700-millones-segun-arce","status":"publish","type":"post","link":"https:\/\/jms.com.bo\/mediamonitor\/2024\/10\/31\/los-17-dias-de-bloqueos-causaron-perdidas-de-us-1-700-millones-segun-arce\/","title":{"rendered":"Los 17 d\u00edas de bloqueos causaron p\u00e9rdidas de $us 1.700 millones, seg\u00fan Arce"},"content":{"rendered":"<p style=\"text-align: justify;\">Durante su mensaje presidencial este mi\u00e9rcoles, el presidente Luis Arce inform\u00f3 que las p\u00e9rdidas que generan los bloqueos del ala evista del Movimiento Al Socialismo (MAS), que perduran desde hace 17 d\u00edas, ascienden a m\u00e1s de $us 1.700 millones, un \u201cda\u00f1o sustancial a la econom\u00eda\u201d.<\/p>\n<p style=\"text-align: justify;\">\u201cEn estos 17 d\u00edas de bloqueo, se tiene una afectaci\u00f3n de m\u00e1s de 1.700 millones de d\u00f3lares, con terribles efectos para las familias, asfixiando la econom\u00eda, impidiendo el normal abastecimiento de combustibles, incrementando los precios de los alimentos\u201d, protest\u00f3 el mandatario.<\/p>\n<p style=\"text-align: justify;\">Bloqueos<br \/>\nArce se refiri\u00f3 tambi\u00e9n a los hechos violentos que se suscitaron en los puntos de bloqueo, cuando los efectivos policiales intentaban despejar las carreteras. Denunci\u00f3 que m\u00e1s de 70 personas, entre polic\u00edas y civiles, resultaron heridos en estos 17 d\u00edas.<\/p>\n<p style=\"text-align: justify;\">Asimismo, reiter\u00f3 que el bloqueo, que se concentra principalmente en Cochabamba, persigue los intereses personales de Evo Morales.<\/p>\n<p style=\"text-align: justify;\">\u201cBuscan la imposici\u00f3n de una candidatura inconstitucional y la anulaci\u00f3n inmediata de las causas judiciales contra Evo Morales\u201d, afirm\u00f3 el presidente.<\/p>\n<p style=\"text-align: justify;\">Sin embargo, se\u00f1al\u00f3 que las exigencias del evismo no est\u00e1n en manos del Gobierno, pues no son temas de su competencia.<\/p>\n<p style=\"text-align: justify;\">Afectaci\u00f3n<br \/>\nEl mandatario lament\u00f3 que por esas angurrias de poder se est\u00e9 afectando al pa\u00eds, perjudicando a \u201clos productores peque\u00f1os, medianos, grandes, a transportistas, gremiales, empresarios, exportadores, al turismo\u201d.<\/p>\n<p style=\"text-align: justify;\">Todos los sectores mencionados por Arce reportaron grandes p\u00e9rdidas econ\u00f3micas a causa del bloqueo de carreteras.<\/p>\n<p style=\"text-align: justify;\">En criterio del presidente, esta medida de presi\u00f3n lo \u00fanico que consigue es \u201cdesprestigiar al pa\u00eds\u201d. En d\u00edas pasados, el sector privado advirti\u00f3 que la imagen de Bolivia se ve comprometida a causa de los bloqueos, pues no genera confianza a los inversores extranjeros.<\/p>\n<p style=\"text-align: justify;\">\u201cEstos bloqueos impiden que los bolivianos lleguen a sus trabajos, que los alimentos lleguen a los mercados\u201d, continu\u00f3 Arce.<\/p>\n<p style=\"text-align: justify;\">As\u00ed, el presidente enumer\u00f3 todas las afectaciones causadas por el bloqueo del ala evista, por lo que dio un ultim\u00e1tum a los movilizados para suspender la medida de presi\u00f3n. Caso contrario, \u00abejercer\u00e1 sus facultades constitucionales\u00bb para reestablecer la normalidad en el pa\u00eds.<\/p>\n","protected":false},"excerpt":{"rendered":"<p>Durante su mensaje presidencial este mi\u00e9rcoles, el presidente Luis Arce inform\u00f3 que las p\u00e9rdidas que generan los bloqueos del ala evista del Movimiento Al Socialismo (MAS), que perduran desde hace 17 d\u00edas, ascienden a m\u00e1s de $us 1.700 millones, un \u201cda\u00f1o sustancial a la econom\u00eda\u201d. \u201cEn estos 17 d\u00edas de bloqueo, se tiene una afectaci\u00f3n [&hellip;]<\/p>\n","protected":false},"author":4,"featured_media":70920,"comment_status":"open","ping_status":"closed","sticky":false,"template":"","format":"standard","meta":{"footnotes":""},"categories":[25],"tags":[],"class_list":["post-70919","post","type-post","status-publish","format-standard","has-post-thumbnail","category-economia"],"_links":{"self":[{"href":"https:\/\/jms.com.bo\/mediamonitor\/wp-json\/wp\/v2\/posts\/70919","targetHints":{"allow":["GET"]}}],"collection":[{"href":"https:\/\/jms.com.bo\/mediamonitor\/wp-json\/wp\/v2\/posts"}],"about":[{"href":"https:\/\/jms.com.bo\/mediamonitor\/wp-json\/wp\/v2\/types\/post"}],"author":[{"embeddable":true,"href":"https:\/\/jms.com.bo\/mediamonitor\/wp-json\/wp\/v2\/users\/4"}],"replies":[{"embeddable":true,"href":"https:\/\/jms.com.bo\/mediamonitor\/wp-json\/wp\/v2\/comments?post=70919"}],"version-history":[{"count":0,"href":"https:\/\/jms.com.bo\/mediamonitor\/wp-json\/wp\/v2\/posts\/70919\/revisions"}],"wp:featuredmedia":[{"embeddable":true,"href":"https:\/\/jms.com.bo\/mediamonitor\/wp-json\/wp\/v2\/media\/70920"}],"wp:attachment":[{"href":"https:\/\/jms.com.bo\/mediamonitor\/wp-json\/wp\/v2\/media?parent=70919"}],"wp:term":[{"taxonomy":"category","embeddable":true,"href":"https:\/\/jms.com.bo\/mediamonitor\/wp-json\/wp\/v2\/categories?post=70919"},{"taxonomy":"post_tag","embeddable":true,"href":"https:\/\/jms.com.bo\/mediamonitor\/wp-json\/wp\/v2\/tags?post=70919"}],"curies":[{"name":"wp","href":"https:\/\/api.w.org\/{rel}","templated":true}]}}