{"id":70923,"date":"2024-10-31T07:24:04","date_gmt":"2024-10-31T11:24:04","guid":{"rendered":"https:\/\/jms.com.bo\/mediamonitor\/2024\/10\/31\/el-precio-de-la-electricidad-en-el-mercado-mayorista-baja-un-6-en-octubre-por-la-eolica\/"},"modified":"2024-10-31T07:24:04","modified_gmt":"2024-10-31T11:24:04","slug":"el-precio-de-la-electricidad-en-el-mercado-mayorista-baja-un-6-en-octubre-por-la-eolica","status":"publish","type":"post","link":"https:\/\/jms.com.bo\/mediamonitor\/2024\/10\/31\/el-precio-de-la-electricidad-en-el-mercado-mayorista-baja-un-6-en-octubre-por-la-eolica\/","title":{"rendered":"El precio de la electricidad en el mercado mayorista baja un 6% en octubre por la e\u00f3lica"},"content":{"rendered":"<p style=\"text-align: justify;\">El precio medio de la electricidad en el mercado mayorista, una de las referencias para los consumidores con tarifa regulada o PVPC, ha rondado los 68 euros\/megavatio hora (MWh) en octubre, despu\u00e9s de abaratarse casi un 6% respecto al mes anterior gracias a la producci\u00f3n e\u00f3lica.<\/p>\n<p style=\"text-align: justify;\">El abaratamiento del &#8216;pool&#8217;, que alcanza su nivel m\u00e1s bajo desde los 56,08 euros\/MWh que marc\u00f3 en junio, ha coincidido con los m\u00faltiples episodios de lluvias y vientos que han atravesado la pen\u00ednsula Ib\u00e9rica este octubre en el que la producci\u00f3n renovable se ha disparado y ha generado el 58,4% de la electricidad del mes.<\/p>\n<p style=\"text-align: justify;\">De acuerdo con el hist\u00f3rico elaborado por EFE, el MWh dice adi\u00f3s a octubre con una media de 68,54 euros, con lo que se sit\u00faa como el quinto precio m\u00e1s elevado del a\u00f1o, por detr\u00e1s de los 91,05 euros de agosto; los 74,09 euros de enero; los 72,62 euros de septiembre, y los 72,31 euros de julio.<\/p>\n<p style=\"text-align: justify;\">Estos 68,54 euros\/MWh equivalen a multiplicar por cinco los 13,67 euros del pasado abril, que se mantiene como el menor coste jam\u00e1s visto en el mercado mayorista, operativo desde 1998. Con todo, en comparativa interanual el precio de la electricidad ha retrocedido un 24%.<\/p>\n<p style=\"text-align: justify;\">El precio de la electricidad por encima de los 100 euros<br \/>\nEl an\u00e1lisis de las \u00faltimas subastas evidencia c\u00f3mo el MWh s\u00f3lo ha superado el umbral de los cien euros en dos ocasiones: los 104,17 euros del lunes 14 de octubre, y los 101,17 euros de este jueves. No obstante, estos precios est\u00e1n por debajo del m\u00e1ximo anual, los 120,37 euros\/MWh del pasado jueves 29 de agosto.<\/p>\n<p style=\"text-align: justify;\">Eso s\u00ed, hasta en cinco sesiones estuvo por encima de los 90 euros\/MWh: martes 1 de octubre (97,9 euros): mi\u00e9rcoles 2 (93,59 euros); viernes 4 (98,98 euros); viernes 11 (90,66 euros), y lunes 21 (93,63 euros). Por el contrario, el coste m\u00e1s bajo registrado en el mes fueron los 21,96 euros\/MWh del domingo 6.<\/p>\n<p style=\"text-align: justify;\">Una vez m\u00e1s se han visto en el &#8216;pool&#8217; horas a precios m\u00ednimos negativos (-0,01 euros entre las 13:00 y las 16:00 horas del domingo 6), as\u00ed como a cero euros (entre las 14:00 y las 17:00 horas del s\u00e1bado 5; entre las 15:00 y las 16:00 horas del martes 8, y entre las 14:00 y las 16:00 horas del domingo 13).<\/p>\n<p style=\"text-align: justify;\">Desde el pasado abril, cuando comenz\u00f3 a advertirse este fen\u00f3meno, se han visto horas a precios cero o negativos en el &#8216;pool&#8217; todos los meses en, al menos, una sesi\u00f3n.<\/p>\n<p style=\"text-align: justify;\">Las estimaciones de APPA Renovables apuntan a que 2024 cerrar\u00e1 con un 10% de horas a precios cero o negativos, y unas 1.800 horas adicionales entre cero y diez euros, unos niveles que ven insuficientes para que las inversiones en renovables sean rentables, lo que podr\u00eda comprometer la financiaci\u00f3n de futuros proyectos.<\/p>\n<p style=\"text-align: justify;\">La e\u00f3lica, l\u00edder del &#8216;mix&#8217;<br \/>\nConforme a la estad\u00edstica diaria del sistema el\u00e9ctrico espa\u00f1ol peninsular de Red El\u00e9ctrica, hasta este mi\u00e9rcoles las renovables han producido el 58,4% de la electricidad de octubre, lideradas por la e\u00f3lica, con el 27,4%.<\/p>\n<p style=\"text-align: justify;\">S\u00f3lo en la primera quincena, la generaci\u00f3n e\u00f3lica fue un 147% m\u00e1s elevada que hace un a\u00f1o, a tenor de los datos que maneja el Grupo ASE. De hecho, la continua entrada de borrascas desde principios de septiembre ha permitido que esta tecnolog\u00eda mantenga un promedio de generaci\u00f3n mucho m\u00e1s elevado de lo usual para esta \u00e9poca.<\/p>\n<p style=\"text-align: justify;\">En opini\u00f3n de esta fuente, el avance de la e\u00f3lica y la fotovoltaica, que son tecnolog\u00edas intermitentes, est\u00e1 transformando el mercado el\u00e9ctrico espa\u00f1ol, y es que los precios son cada vez m\u00e1s dependientes de \u00e9stas que, a su vez, est\u00e1n muy condicionadas por el tiempo, lo que impacta en la volatilidad.<\/p>\n<p style=\"text-align: justify;\">As\u00ed, cuando la combinaci\u00f3n e\u00f3lica-solar alcanza su m\u00e1xima influencia, se hunden los precios. Del 1 de enero al 16 de octubre, el precio en las horas solares se ha situado en 35,43 euros\/MWh, muy por debajo de los 80,26 euros en 2023.<\/p>\n<p style=\"text-align: justify;\">A nivel general, la nuclear ha sido la segunda tecnolog\u00eda de generaci\u00f3n el\u00e9ctrica, con el 22,6% del total. A continuaci\u00f3n aparecen dos renovables, la hidr\u00e1ulica, con el 14,4%, y la solar fotovoltaica con el 14%.<\/p>\n<p style=\"text-align: justify;\">Ser\u00e1 posible debido a que el Gobierno fij\u00f3 este tipo reducido para todo el a\u00f1o, aunque estableci\u00f3 una excepci\u00f3n: cuando la media del &#8216;pool&#8217; no superara en un determinado mes los 45 euros\/MWh, el impuesto se incrementar\u00eda en el siguiente hasta el 21%.<\/p>\n<p style=\"text-align: justify;\">Dicha salvedad ocurri\u00f3 en marzo, abril, mayo y junio, que sucedieron a meses en los que el MWh cerr\u00f3 por debajo de la barrera de los 45 euros.<\/p>\n<p style=\"text-align: justify;\">De cara a los pr\u00f3ximos meses, los futuros de la electricidad del operador OMIP est\u00e1n al alza y hablan de 81,65 euros en noviembre; de 76,60 euros, en diciembre, y de una media de 71,25 euros en el primer trimestre del 2025.<\/p>\n","protected":false},"excerpt":{"rendered":"<p>El precio medio de la electricidad en el mercado mayorista, una de las referencias para los consumidores con tarifa regulada o PVPC, ha rondado los 68 euros\/megavatio hora (MWh) en octubre, despu\u00e9s de abaratarse casi un 6% respecto al mes anterior gracias a la producci\u00f3n e\u00f3lica. El abaratamiento del &#8216;pool&#8217;, que alcanza su nivel m\u00e1s [&hellip;]<\/p>\n","protected":false},"author":4,"featured_media":70924,"comment_status":"open","ping_status":"closed","sticky":false,"template":"","format":"standard","meta":{"footnotes":""},"categories":[39],"tags":[],"class_list":["post-70923","post","type-post","status-publish","format-standard","has-post-thumbnail","category-energia"],"_links":{"self":[{"href":"https:\/\/jms.com.bo\/mediamonitor\/wp-json\/wp\/v2\/posts\/70923","targetHints":{"allow":["GET"]}}],"collection":[{"href":"https:\/\/jms.com.bo\/mediamonitor\/wp-json\/wp\/v2\/posts"}],"about":[{"href":"https:\/\/jms.com.bo\/mediamonitor\/wp-json\/wp\/v2\/types\/post"}],"author":[{"embeddable":true,"href":"https:\/\/jms.com.bo\/mediamonitor\/wp-json\/wp\/v2\/users\/4"}],"replies":[{"embeddable":true,"href":"https:\/\/jms.com.bo\/mediamonitor\/wp-json\/wp\/v2\/comments?post=70923"}],"version-history":[{"count":0,"href":"https:\/\/jms.com.bo\/mediamonitor\/wp-json\/wp\/v2\/posts\/70923\/revisions"}],"wp:featuredmedia":[{"embeddable":true,"href":"https:\/\/jms.com.bo\/mediamonitor\/wp-json\/wp\/v2\/media\/70924"}],"wp:attachment":[{"href":"https:\/\/jms.com.bo\/mediamonitor\/wp-json\/wp\/v2\/media?parent=70923"}],"wp:term":[{"taxonomy":"category","embeddable":true,"href":"https:\/\/jms.com.bo\/mediamonitor\/wp-json\/wp\/v2\/categories?post=70923"},{"taxonomy":"post_tag","embeddable":true,"href":"https:\/\/jms.com.bo\/mediamonitor\/wp-json\/wp\/v2\/tags?post=70923"}],"curies":[{"name":"wp","href":"https:\/\/api.w.org\/{rel}","templated":true}]}}