{"id":70935,"date":"2024-11-01T05:55:20","date_gmt":"2024-11-01T09:55:20","guid":{"rendered":"https:\/\/jms.com.bo\/mediamonitor\/2024\/11\/01\/sedes-reporta-2-casos-de-dengue\/"},"modified":"2024-11-01T05:55:20","modified_gmt":"2024-11-01T09:55:20","slug":"sedes-reporta-2-casos-de-dengue","status":"publish","type":"post","link":"https:\/\/jms.com.bo\/mediamonitor\/2024\/11\/01\/sedes-reporta-2-casos-de-dengue\/","title":{"rendered":"Sedes reporta 2 casos de dengue"},"content":{"rendered":"<p style=\"text-align: justify;\">La llegada de la temporada de lluvias en Tarija ha tra\u00eddo consigo una alerta temprana de dengue, una enfermedad que cada a\u00f1o gana terreno debido a las condiciones clim\u00e1ticas que favorecen la proliferaci\u00f3n del mosquito transmisor, el Aedes aegypti. Apenas iniciado el periodo lluvioso, el Servicio Departamental de Salud (Sedes) ha reportado ya dos casos sospechosos de dengue, uno en la localidad de Bermejo y otro en el barrio El Molino, en la ciudad de Tarija. Esta situaci\u00f3n ha motivado a las autoridades a redoblar sus esfuerzos en la lucha contra el dengue, activando protocolos de limpieza, fumigaci\u00f3n y control en las zonas m\u00e1s afectadas.<\/p>\n<p style=\"text-align: justify;\">La responsable de Epidemiolog\u00eda del Sedes, Claudia Montenegro, se\u00f1al\u00f3 que los casos sospechosos encendieron las alarmas y que ya se han implementado las medidas necesarias para reducir la posibilidad de contagio.<\/p>\n<p style=\"text-align: justify;\">Detall\u00f3 que se ha realizado una fumigaci\u00f3n intensiva en las zonas de los pacientes sospechosos y se est\u00e1 realizando una vigilancia epidemiol\u00f3gica permanente. Agreg\u00f3 que esta respuesta r\u00e1pida busca cortar el ciclo de vida del mosquito transmisor en \u00e1reas que representan focos de infecci\u00f3n, aunque a\u00fan es incierto si los casos reportados resultar\u00e1n positivos.<\/p>\n<p style=\"text-align: justify;\">Montenegro tambi\u00e9n mencion\u00f3 que el equipo del Sedes ha puesto especial atenci\u00f3n en el Cementerio General de Tarija, un lugar donde el agua estancada en floreros y otros recipientes puede convertirse en un criadero de mosquitos. Mencion\u00f3 que la recomendaci\u00f3n es reemplazar el agua por arena en los floreros, adem\u00e1s que han retirado recipientes con agua que han estado descuidados por mucho tiempo.<\/p>\n","protected":false},"excerpt":{"rendered":"<p>La llegada de la temporada de lluvias en Tarija ha tra\u00eddo consigo una alerta temprana de dengue, una enfermedad que cada a\u00f1o gana terreno debido a las condiciones clim\u00e1ticas que favorecen la proliferaci\u00f3n del mosquito transmisor, el Aedes aegypti. Apenas iniciado el periodo lluvioso, el Servicio Departamental de Salud (Sedes) ha reportado ya dos casos [&hellip;]<\/p>\n","protected":false},"author":4,"featured_media":70936,"comment_status":"open","ping_status":"closed","sticky":false,"template":"","format":"standard","meta":{"footnotes":""},"categories":[53],"tags":[],"class_list":["post-70935","post","type-post","status-publish","format-standard","has-post-thumbnail","category-salud"],"_links":{"self":[{"href":"https:\/\/jms.com.bo\/mediamonitor\/wp-json\/wp\/v2\/posts\/70935","targetHints":{"allow":["GET"]}}],"collection":[{"href":"https:\/\/jms.com.bo\/mediamonitor\/wp-json\/wp\/v2\/posts"}],"about":[{"href":"https:\/\/jms.com.bo\/mediamonitor\/wp-json\/wp\/v2\/types\/post"}],"author":[{"embeddable":true,"href":"https:\/\/jms.com.bo\/mediamonitor\/wp-json\/wp\/v2\/users\/4"}],"replies":[{"embeddable":true,"href":"https:\/\/jms.com.bo\/mediamonitor\/wp-json\/wp\/v2\/comments?post=70935"}],"version-history":[{"count":0,"href":"https:\/\/jms.com.bo\/mediamonitor\/wp-json\/wp\/v2\/posts\/70935\/revisions"}],"wp:featuredmedia":[{"embeddable":true,"href":"https:\/\/jms.com.bo\/mediamonitor\/wp-json\/wp\/v2\/media\/70936"}],"wp:attachment":[{"href":"https:\/\/jms.com.bo\/mediamonitor\/wp-json\/wp\/v2\/media?parent=70935"}],"wp:term":[{"taxonomy":"category","embeddable":true,"href":"https:\/\/jms.com.bo\/mediamonitor\/wp-json\/wp\/v2\/categories?post=70935"},{"taxonomy":"post_tag","embeddable":true,"href":"https:\/\/jms.com.bo\/mediamonitor\/wp-json\/wp\/v2\/tags?post=70935"}],"curies":[{"name":"wp","href":"https:\/\/api.w.org\/{rel}","templated":true}]}}