{"id":70939,"date":"2024-11-01T05:57:51","date_gmt":"2024-11-01T09:57:51","guid":{"rendered":"https:\/\/jms.com.bo\/mediamonitor\/2024\/11\/01\/choferes-piden-renuncia-del-director-de-anh-por-ineficiente\/"},"modified":"2024-11-01T05:57:51","modified_gmt":"2024-11-01T09:57:51","slug":"choferes-piden-renuncia-del-director-de-anh-por-ineficiente","status":"publish","type":"post","link":"https:\/\/jms.com.bo\/mediamonitor\/2024\/11\/01\/choferes-piden-renuncia-del-director-de-anh-por-ineficiente\/","title":{"rendered":"Ch\u00f3feres piden renuncia del Director de ANH por ineficiente"},"content":{"rendered":"<p style=\"text-align: justify;\">La provisi\u00f3n de carburantes en el mercado nacional es irregular, y una muestra de ello son las filas inmensas que deben realizar los conductores con sus movilidades en las estaciones de servicio. El desabastecimiento se vuelve cr\u00f3nico ante la falta de divisas para la importaci\u00f3n de carburantes. Los ch\u00f3feres, a trav\u00e9s de su dirigente V\u00edctor Tarqui, piden la renuncia del director de la Agencia Nacional de Hidrocarburos (ANH), Germ\u00e1n Jim\u00e9nez, por ineficiente.<\/p>\n<p style=\"text-align: justify;\">Tarqui sostuvo que su sector se mantiene en estado de emergencia ante la actual y dif\u00edcil coyuntura socioecon\u00f3mica que vive el pa\u00eds a ra\u00edz de los bloqueos por parte del evismo que ya llevan 17 d\u00edas, y exhort\u00f3 al Gobierno soluciones inmediatas ya que sus compa\u00f1eros est\u00e1n varados a medio camino, y sin alimentaci\u00f3n.<\/p>\n<p style=\"text-align: justify;\">La atenci\u00f3n m\u00e9dica es escasa, declar\u00f3 en conferencia de prensa, ante la actual coyuntura que vive el pa\u00eds con las medidas asumidas por el ala evista.<\/p>\n<p style=\"text-align: justify;\">Asimismo, exigi\u00f3 la renuncia del director ejecutivo de la ANH, Germ\u00e1n Jim\u00e9nez, por mostrar ineficacia en la gesti\u00f3n de provisi\u00f3n de carburantes.<\/p>\n<p style=\"text-align: justify;\">Como se recordar\u00e1, desde hace meses atr\u00e1s la falta de combustibles no puede ser solucionado por la falta de divisas, lo que reduce la importaci\u00f3n del producto para el mercado nacional.<\/p>\n<p style=\"text-align: justify;\">La semana pasada la periodista de EL Mostrador de Chile, Ximena Astudillo, inform\u00f3 que tres buques est\u00e1n parados en la terminal de Arica desde fines de septiembre y principios de octubre, y no pueden descargar el combustible.<\/p>\n","protected":false},"excerpt":{"rendered":"<p>La provisi\u00f3n de carburantes en el mercado nacional es irregular, y una muestra de ello son las filas inmensas que deben realizar los conductores con sus movilidades en las estaciones de servicio. El desabastecimiento se vuelve cr\u00f3nico ante la falta de divisas para la importaci\u00f3n de carburantes. Los ch\u00f3feres, a trav\u00e9s de su dirigente V\u00edctor [&hellip;]<\/p>\n","protected":false},"author":4,"featured_media":70940,"comment_status":"open","ping_status":"closed","sticky":false,"template":"","format":"standard","meta":{"footnotes":""},"categories":[49],"tags":[],"class_list":["post-70939","post","type-post","status-publish","format-standard","has-post-thumbnail","category-social"],"_links":{"self":[{"href":"https:\/\/jms.com.bo\/mediamonitor\/wp-json\/wp\/v2\/posts\/70939","targetHints":{"allow":["GET"]}}],"collection":[{"href":"https:\/\/jms.com.bo\/mediamonitor\/wp-json\/wp\/v2\/posts"}],"about":[{"href":"https:\/\/jms.com.bo\/mediamonitor\/wp-json\/wp\/v2\/types\/post"}],"author":[{"embeddable":true,"href":"https:\/\/jms.com.bo\/mediamonitor\/wp-json\/wp\/v2\/users\/4"}],"replies":[{"embeddable":true,"href":"https:\/\/jms.com.bo\/mediamonitor\/wp-json\/wp\/v2\/comments?post=70939"}],"version-history":[{"count":0,"href":"https:\/\/jms.com.bo\/mediamonitor\/wp-json\/wp\/v2\/posts\/70939\/revisions"}],"wp:featuredmedia":[{"embeddable":true,"href":"https:\/\/jms.com.bo\/mediamonitor\/wp-json\/wp\/v2\/media\/70940"}],"wp:attachment":[{"href":"https:\/\/jms.com.bo\/mediamonitor\/wp-json\/wp\/v2\/media?parent=70939"}],"wp:term":[{"taxonomy":"category","embeddable":true,"href":"https:\/\/jms.com.bo\/mediamonitor\/wp-json\/wp\/v2\/categories?post=70939"},{"taxonomy":"post_tag","embeddable":true,"href":"https:\/\/jms.com.bo\/mediamonitor\/wp-json\/wp\/v2\/tags?post=70939"}],"curies":[{"name":"wp","href":"https:\/\/api.w.org\/{rel}","templated":true}]}}