{"id":70989,"date":"2024-11-04T06:50:04","date_gmt":"2024-11-04T10:50:04","guid":{"rendered":"https:\/\/jms.com.bo\/mediamonitor\/2024\/11\/04\/confirman-nuevos-casos-de-rabia-canina-en-sucre\/"},"modified":"2024-11-04T06:50:04","modified_gmt":"2024-11-04T10:50:04","slug":"confirman-nuevos-casos-de-rabia-canina-en-sucre","status":"publish","type":"post","link":"https:\/\/jms.com.bo\/mediamonitor\/2024\/11\/04\/confirman-nuevos-casos-de-rabia-canina-en-sucre\/","title":{"rendered":"Confirman nuevos casos de rabia canina en Sucre"},"content":{"rendered":"<p style=\"text-align: justify;\">Zoonosis del Gobierno Municipal de Sucre confirm\u00f3 este domingo dos nuevos casos de rabia canina, con los cuales suman 25 casos positivos de acuerdo con los resultados del Instituto Nacional de Laboratorios de Salud (Inlasa). La informaci\u00f3n fue confirmada por la responsable municipal de Zoonosis, Martha Sandi.<\/p>\n<p style=\"text-align: justify;\">La funcionaria indic\u00f3 que el vig\u00e9simo cuarto caso se trata de un can callejero de cinco meses de edad, macho, que fue trasladado por personal de zoonosis con una fractura en su pata delantera izquierda y presentaba s\u00edntomas de rabia, por lo que se hizo la toma de muestra que fue enviada al laboratorio de Inlasa que confirm\u00f3 la enfermedad.<\/p>\n<p style=\"text-align: justify;\">Indic\u00f3 que al tratarse de un can callejero se desconoce la cantidad de personas o animales que pudieron haber tomado contacto con el animal.<\/p>\n<p style=\"text-align: justify;\">El vig\u00e9simo quinto caso se trata de una perrita de cinco meses de edad que ten\u00eda propietarios pero que no fue vacunada como corresponde.<\/p>\n<p style=\"text-align: justify;\">La mascota manifestaba sintomatolog\u00eda de rabia, falleci\u00f3 y fue enterrada por sus propietarios.<\/p>\n<p style=\"text-align: justify;\">Sandi dijo que personal de zoonosis procedi\u00f3 con la exhumaci\u00f3n de la mascota para la toma de muestras y el env\u00edo a los laboratorios de Inlasa que confirm\u00f3 la enfermedad.<\/p>\n<p style=\"text-align: justify;\">Agreg\u00f3 que el animal tuvo contacto con siete personas pero por manipulaci\u00f3n no por mordeduras, quienes fueron evaluados por el Sedes y reciben el tratamiento correspondiente.<\/p>\n<p style=\"text-align: justify;\">La funcionaria, exhort\u00f3 a la poblaci\u00f3n cumplir con la vacunaci\u00f3n obligatoria de los perros para proteger no solo la salud de los animales sino tambi\u00e9n de las personas.<\/p>\n","protected":false},"excerpt":{"rendered":"<p>Zoonosis del Gobierno Municipal de Sucre confirm\u00f3 este domingo dos nuevos casos de rabia canina, con los cuales suman 25 casos positivos de acuerdo con los resultados del Instituto Nacional de Laboratorios de Salud (Inlasa). La informaci\u00f3n fue confirmada por la responsable municipal de Zoonosis, Martha Sandi. La funcionaria indic\u00f3 que el vig\u00e9simo cuarto caso [&hellip;]<\/p>\n","protected":false},"author":4,"featured_media":70990,"comment_status":"open","ping_status":"closed","sticky":false,"template":"","format":"standard","meta":{"footnotes":""},"categories":[53],"tags":[],"class_list":{"0":"post-70989","1":"post","2":"type-post","3":"status-publish","4":"format-standard","5":"has-post-thumbnail","7":"category-salud"},"_links":{"self":[{"href":"https:\/\/jms.com.bo\/mediamonitor\/wp-json\/wp\/v2\/posts\/70989","targetHints":{"allow":["GET"]}}],"collection":[{"href":"https:\/\/jms.com.bo\/mediamonitor\/wp-json\/wp\/v2\/posts"}],"about":[{"href":"https:\/\/jms.com.bo\/mediamonitor\/wp-json\/wp\/v2\/types\/post"}],"author":[{"embeddable":true,"href":"https:\/\/jms.com.bo\/mediamonitor\/wp-json\/wp\/v2\/users\/4"}],"replies":[{"embeddable":true,"href":"https:\/\/jms.com.bo\/mediamonitor\/wp-json\/wp\/v2\/comments?post=70989"}],"version-history":[{"count":0,"href":"https:\/\/jms.com.bo\/mediamonitor\/wp-json\/wp\/v2\/posts\/70989\/revisions"}],"wp:featuredmedia":[{"embeddable":true,"href":"https:\/\/jms.com.bo\/mediamonitor\/wp-json\/wp\/v2\/media\/70990"}],"wp:attachment":[{"href":"https:\/\/jms.com.bo\/mediamonitor\/wp-json\/wp\/v2\/media?parent=70989"}],"wp:term":[{"taxonomy":"category","embeddable":true,"href":"https:\/\/jms.com.bo\/mediamonitor\/wp-json\/wp\/v2\/categories?post=70989"},{"taxonomy":"post_tag","embeddable":true,"href":"https:\/\/jms.com.bo\/mediamonitor\/wp-json\/wp\/v2\/tags?post=70989"}],"curies":[{"name":"wp","href":"https:\/\/api.w.org\/{rel}","templated":true}]}}