{"id":70993,"date":"2024-11-04T06:54:30","date_gmt":"2024-11-04T10:54:30","guid":{"rendered":"https:\/\/jms.com.bo\/mediamonitor\/2024\/11\/04\/educacion-recibe-denuncia-de-movilizacion-estudiantes-de-un-colegio-a-un-bloqueo\/"},"modified":"2024-11-04T06:54:30","modified_gmt":"2024-11-04T10:54:30","slug":"educacion-recibe-denuncia-de-movilizacion-estudiantes-de-un-colegio-a-un-bloqueo","status":"publish","type":"post","link":"https:\/\/jms.com.bo\/mediamonitor\/2024\/11\/04\/educacion-recibe-denuncia-de-movilizacion-estudiantes-de-un-colegio-a-un-bloqueo\/","title":{"rendered":"Educaci\u00f3n recibe denuncia de movilizaci\u00f3n estudiantes de un colegio a un bloqueo"},"content":{"rendered":"<p style=\"text-align: justify;\">El Ministerio de Educaci\u00f3n, por medio de un comunicado, inform\u00f3 este domingo que estudiantes de una unidad educativa de Mairana, Santa Cruz, presuntamente se moviliz\u00f3 para participar en el bloqueo que se instal\u00f3 en el sector; como parte de las medidas de presi\u00f3n de la facci\u00f3n evista del Movimiento Al Socialismo (MAS).<\/p>\n<p style=\"text-align: justify;\">La cartera recibi\u00f3 la denuncia y anunci\u00f3 acciones legales contra los responsables; dado que este hecho constituye una violaci\u00f3n a los derechos de los menores de edad.<\/p>\n<p style=\"text-align: justify;\">\u201cAsimismo, informar que se ha recibido una denuncia respecto al uso y participaci\u00f3n de estudiantes de la Unidad Educativa Ren\u00e9 Barrientos Ortu\u00f1o, ubicada en la localidad de Mairana del departamento de Santa Cruz, mismos que habr\u00edan sido movilizados en contra de su voluntad para participar en el bloqueo de carreteras\u201d, se\u00f1ala el comunicado publicado en la cuenta de Facebook de la cartera.<\/p>\n<p style=\"text-align: justify;\">El ministerio advirti\u00f3 con acciones legales por este extremo contra todas las personas implicadas en este presunto movimiento de los estudiantes. Incluso se contempla al director distrital de Educaci\u00f3n.<\/p>\n<p style=\"text-align: justify;\">ESTUDIANTES BLOQUEO<br \/>\n\u201cEsta cartera de Estado repudia estos hechos y asumir\u00e1 las acciones legales correspondientes en contra del Director Distrital, Director de la Unidad Educativa, plantel docente y administrativo; as\u00ed como de toda persona que se encuentre involucrada en el il\u00edcito se\u00f1alado precedentemente\u201d.<\/p>\n<p style=\"text-align: justify;\">Educaci\u00f3n record\u00f3 que \u201cel uso de estudiantes menores de edad en actividades extracurriculares que generen peligro inminente a su integridad f\u00edsica y de terceros; como ser la participaci\u00f3n de bloqueo de carreteras y protestas violentas, constituyen una violaci\u00f3n de los derechos fundamentales de las ni\u00f1as, ni\u00f1os y adolescentes; consagrados en la Constituci\u00f3n Pol\u00edtica del Estado del Estado Plurinacional de Bolivia, as\u00ed como de normativa interna y Tratados y Convenios Internacionales\u201d.<\/p>\n<p style=\"text-align: justify;\">Mairana se ha constituido en un punto recurrente de bloqueos desde hace 22 d\u00edas, cuando empez\u00f3 la medida de presi\u00f3n de la facci\u00f3n evista.<\/p>\n","protected":false},"excerpt":{"rendered":"<p>El Ministerio de Educaci\u00f3n, por medio de un comunicado, inform\u00f3 este domingo que estudiantes de una unidad educativa de Mairana, Santa Cruz, presuntamente se moviliz\u00f3 para participar en el bloqueo que se instal\u00f3 en el sector; como parte de las medidas de presi\u00f3n de la facci\u00f3n evista del Movimiento Al Socialismo (MAS). La cartera recibi\u00f3 [&hellip;]<\/p>\n","protected":false},"author":4,"featured_media":70994,"comment_status":"open","ping_status":"closed","sticky":false,"template":"","format":"standard","meta":{"footnotes":""},"categories":[49],"tags":[],"class_list":{"0":"post-70993","1":"post","2":"type-post","3":"status-publish","4":"format-standard","5":"has-post-thumbnail","7":"category-social"},"_links":{"self":[{"href":"https:\/\/jms.com.bo\/mediamonitor\/wp-json\/wp\/v2\/posts\/70993","targetHints":{"allow":["GET"]}}],"collection":[{"href":"https:\/\/jms.com.bo\/mediamonitor\/wp-json\/wp\/v2\/posts"}],"about":[{"href":"https:\/\/jms.com.bo\/mediamonitor\/wp-json\/wp\/v2\/types\/post"}],"author":[{"embeddable":true,"href":"https:\/\/jms.com.bo\/mediamonitor\/wp-json\/wp\/v2\/users\/4"}],"replies":[{"embeddable":true,"href":"https:\/\/jms.com.bo\/mediamonitor\/wp-json\/wp\/v2\/comments?post=70993"}],"version-history":[{"count":0,"href":"https:\/\/jms.com.bo\/mediamonitor\/wp-json\/wp\/v2\/posts\/70993\/revisions"}],"wp:featuredmedia":[{"embeddable":true,"href":"https:\/\/jms.com.bo\/mediamonitor\/wp-json\/wp\/v2\/media\/70994"}],"wp:attachment":[{"href":"https:\/\/jms.com.bo\/mediamonitor\/wp-json\/wp\/v2\/media?parent=70993"}],"wp:term":[{"taxonomy":"category","embeddable":true,"href":"https:\/\/jms.com.bo\/mediamonitor\/wp-json\/wp\/v2\/categories?post=70993"},{"taxonomy":"post_tag","embeddable":true,"href":"https:\/\/jms.com.bo\/mediamonitor\/wp-json\/wp\/v2\/tags?post=70993"}],"curies":[{"name":"wp","href":"https:\/\/api.w.org\/{rel}","templated":true}]}}