{"id":70995,"date":"2024-11-04T06:57:42","date_gmt":"2024-11-04T10:57:42","guid":{"rendered":"https:\/\/jms.com.bo\/mediamonitor\/2024\/11\/04\/viceministro-de-comercio-interior-reporta-perdidas-de-us-2-109-millones-en-estos-21-dias-de-bloqueo\/"},"modified":"2024-11-04T06:57:42","modified_gmt":"2024-11-04T10:57:42","slug":"viceministro-de-comercio-interior-reporta-perdidas-de-us-2-109-millones-en-estos-21-dias-de-bloqueo","status":"publish","type":"post","link":"https:\/\/jms.com.bo\/mediamonitor\/2024\/11\/04\/viceministro-de-comercio-interior-reporta-perdidas-de-us-2-109-millones-en-estos-21-dias-de-bloqueo\/","title":{"rendered":"Viceministro de Comercio Interior reporta p\u00e9rdidas de $us 2.109 millones en estos 21 d\u00edas de bloqueo"},"content":{"rendered":"<p style=\"text-align: justify;\">El viceministro de Comercio Interior, Grover Lacoa, inform\u00f3 que las p\u00e9rdidas por los bloqueos evistas que cumplen 21 d\u00edas genera p\u00e9rdidas econ\u00f3micas de 2.109 millones de d\u00f3lares.<\/p>\n<p style=\"text-align: justify;\">\u201cLas p\u00e9rdidas que se han registrado hasta la fecha son muy cuantiosas, hemos perdido en estos 21 d\u00edas 2.109 millones de d\u00f3lares por la afectaci\u00f3n en diferentes rubros\u201d, inform\u00f3 Lacoa en conferencia de prensa.<\/p>\n<p style=\"text-align: justify;\">El bloqueo evista que inicio el pasado 14 de octubre, se realiza en respaldo al expresidnete Evo Morales que enfrenta un proceso por el delito de trata y tr\u00e1fico. Esta medida de presi\u00f3n ha causado enormes da\u00f1os econ\u00f3micos a diferentes sectores del pa\u00eds.<\/p>\n<p style=\"text-align: justify;\">\u201cSe ha afectado a sectores tan importantes como el sector de la agricultura y la ganader\u00eda, ah\u00ed se pierde en forma diaria 88.6 millones, la industria el\u00e9ctrica pierde 14.9 millones, el transporte y almacenamiento 70.2 millones, los restaurantes y hoteles 7.8 millones\u201d, a\u00f1adi\u00f3 la autoridad.<\/p>\n<p style=\"text-align: justify;\">Adem\u00e1s, indic\u00f3 que este bloqueo no solo afecta a la producci\u00f3n sino tambi\u00e9n al nivel de abastecimiento y consumo en las ciudades. El caso de la escasez de carne de pollo en La Paz y Cochabamba y el incremento del precio es notorio en los mercados, por lo que desde el Gobierno se ha implementado puentes a\u00e9reos para la distribuci\u00f3n de este producto, pero aun as\u00ed contin\u00faa el problema.<\/p>\n<p style=\"text-align: justify;\">\u201cEn esa t\u00f3nica, el gobierno nacional, como ustedes saben, ha implementado puentes a\u00e9reos, hasta la fecha hemos realizado 18 operaciones a\u00e9reas, donde hemos internado 634.260 kilogramos de pollo, hemos internado adem\u00e1s 38.000 kilogramos de carne, eso estamos hablando de Santa Cruz a La Paz, tambi\u00e9n hemos hecho puentes a\u00e9reos de Santa Cruz a Cochabamba, donde hemos internado 36.000 kilos de carne y tambi\u00e9n hemos internado 36.000 kilos de torta de soya y ma\u00edz para el sector avicultor\u201d, inform\u00f3 Lacoa.<\/p>\n<p style=\"text-align: justify;\">Record\u00f3 que en la Empresa de Apoyo a la Producci\u00f3n de Alimentos (Emapa), el kilo de la carne de pollo se est\u00e1 vendiendo a 16, 50 el kilo.<\/p>\n<p style=\"text-align: justify;\">El ministro de Gobierno, Eduardo Del Castillo, inform\u00f3 este domingo que se va a continuar con el trabajo de desbloqueo de estas rutas que se encuentran cerradas por sectores evistas para garantizar la libre transitabilidad.<\/p>\n<p style=\"text-align: justify;\">\u201cNosotros vamos a seguir trabajando en beneficio de nuestro pa\u00eds, vamos a hacer cumplir la constituci\u00f3n pol\u00edtica del Estado, la vamos a hacer respetar y vamos a garantizar la transitabilidad en todo el territorio nacional\u201d, afirm\u00f3 Del Castillo en conferencia de prensa.<\/p>\n","protected":false},"excerpt":{"rendered":"<p>El viceministro de Comercio Interior, Grover Lacoa, inform\u00f3 que las p\u00e9rdidas por los bloqueos evistas que cumplen 21 d\u00edas genera p\u00e9rdidas econ\u00f3micas de 2.109 millones de d\u00f3lares. \u201cLas p\u00e9rdidas que se han registrado hasta la fecha son muy cuantiosas, hemos perdido en estos 21 d\u00edas 2.109 millones de d\u00f3lares por la afectaci\u00f3n en diferentes rubros\u201d, [&hellip;]<\/p>\n","protected":false},"author":4,"featured_media":70996,"comment_status":"open","ping_status":"closed","sticky":false,"template":"","format":"standard","meta":{"footnotes":""},"categories":[49],"tags":[],"class_list":{"0":"post-70995","1":"post","2":"type-post","3":"status-publish","4":"format-standard","5":"has-post-thumbnail","7":"category-social"},"_links":{"self":[{"href":"https:\/\/jms.com.bo\/mediamonitor\/wp-json\/wp\/v2\/posts\/70995","targetHints":{"allow":["GET"]}}],"collection":[{"href":"https:\/\/jms.com.bo\/mediamonitor\/wp-json\/wp\/v2\/posts"}],"about":[{"href":"https:\/\/jms.com.bo\/mediamonitor\/wp-json\/wp\/v2\/types\/post"}],"author":[{"embeddable":true,"href":"https:\/\/jms.com.bo\/mediamonitor\/wp-json\/wp\/v2\/users\/4"}],"replies":[{"embeddable":true,"href":"https:\/\/jms.com.bo\/mediamonitor\/wp-json\/wp\/v2\/comments?post=70995"}],"version-history":[{"count":0,"href":"https:\/\/jms.com.bo\/mediamonitor\/wp-json\/wp\/v2\/posts\/70995\/revisions"}],"wp:featuredmedia":[{"embeddable":true,"href":"https:\/\/jms.com.bo\/mediamonitor\/wp-json\/wp\/v2\/media\/70996"}],"wp:attachment":[{"href":"https:\/\/jms.com.bo\/mediamonitor\/wp-json\/wp\/v2\/media?parent=70995"}],"wp:term":[{"taxonomy":"category","embeddable":true,"href":"https:\/\/jms.com.bo\/mediamonitor\/wp-json\/wp\/v2\/categories?post=70995"},{"taxonomy":"post_tag","embeddable":true,"href":"https:\/\/jms.com.bo\/mediamonitor\/wp-json\/wp\/v2\/tags?post=70995"}],"curies":[{"name":"wp","href":"https:\/\/api.w.org\/{rel}","templated":true}]}}