{"id":70997,"date":"2024-11-04T06:59:07","date_gmt":"2024-11-04T10:59:07","guid":{"rendered":"https:\/\/jms.com.bo\/mediamonitor\/2024\/11\/04\/dia-21-de-bloqueos-y-16-rutas-aun-siguen-cortadas-entre-cochabamba-con-el-sur-y-el-oriente-del-pais\/"},"modified":"2024-11-04T06:59:07","modified_gmt":"2024-11-04T10:59:07","slug":"dia-21-de-bloqueos-y-16-rutas-aun-siguen-cortadas-entre-cochabamba-con-el-sur-y-el-oriente-del-pais","status":"publish","type":"post","link":"https:\/\/jms.com.bo\/mediamonitor\/2024\/11\/04\/dia-21-de-bloqueos-y-16-rutas-aun-siguen-cortadas-entre-cochabamba-con-el-sur-y-el-oriente-del-pais\/","title":{"rendered":"D\u00eda 21 de bloqueos y 16 rutas a\u00fan siguen cortadas entre Cochabamba con el sur y el oriente del pa\u00eds"},"content":{"rendered":"<p style=\"text-align: justify;\">Este domingo 3 de noviembre se cumple el d\u00eda 21 del bloqueo de carreteras por parte de sectores afines a Evo Morales. Seg\u00fan el reporte de la Administradora Boliviana de Carreteras (ABC) 16 puntos a\u00fan persisten instalados en las rutas interdepartamentales.<\/p>\n<p style=\"text-align: justify;\">De acuerdo a los datos, Cochabamba contin\u00faa siendo el departamento m\u00e1s afectado, donde las v\u00edas que lo conectan con el oriente y el sur del pa\u00eds est\u00e1n cerradas.<\/p>\n<p style=\"text-align: justify;\">Tras la intervenci\u00f3n de la Polic\u00eda y las Fuerzas Armadas el pasado viernes, se retom\u00f3 la transitabiliad en la carretera que une Cochabamba con el occidente, donde se levant\u00f3 todo el material que se encontraba sobre el asfalto.<\/p>\n<p style=\"text-align: justify;\">Sin embargo, al finalizar la tarde del s\u00e1bado, un grupo de comunarios intent\u00f3 volver a instalar un bloqueo en Parotani expulsando a los polic\u00edas que manten\u00edan una vigilia en el sector, pero una nueva intervenci\u00f3n desde el Comando Departamental ayud\u00f3 a evitar que nuevamente se cierre esta carretera, por lo que el comandante mantuvo un di\u00e1logo con los dirigentes para garantizar la seguridad de la zona.<\/p>\n<p style=\"text-align: justify;\">En Santa Cruz dos puntos de bloqueo contin\u00faan instalados el primero en el puente Ichilo, ruta nueva hacia Cochabamba, que se instal\u00f3 hace ya 21 d\u00edas; mientras que el segundo se encuentra en Mairana, ruta a los valles cruce\u00f1os y carretera antigua al occidente, que este domingo cumple una semana.<\/p>\n<p style=\"text-align: justify;\">Por su parte, el resto de los bloqueos est\u00e1n instalados en la v\u00eda hacia Chuquisaca y dem\u00e1s accesos al departamento de Cochabamba, siendo los puntos m\u00e1s fuertes en el sector del Tr\u00f3pico donde adem\u00e1s hay cuarteles tomados por los comunarios evistas.<\/p>\n","protected":false},"excerpt":{"rendered":"<p>Este domingo 3 de noviembre se cumple el d\u00eda 21 del bloqueo de carreteras por parte de sectores afines a Evo Morales. Seg\u00fan el reporte de la Administradora Boliviana de Carreteras (ABC) 16 puntos a\u00fan persisten instalados en las rutas interdepartamentales. De acuerdo a los datos, Cochabamba contin\u00faa siendo el departamento m\u00e1s afectado, donde las [&hellip;]<\/p>\n","protected":false},"author":4,"featured_media":70998,"comment_status":"open","ping_status":"closed","sticky":false,"template":"","format":"standard","meta":{"footnotes":""},"categories":[49],"tags":[],"class_list":{"0":"post-70997","1":"post","2":"type-post","3":"status-publish","4":"format-standard","5":"has-post-thumbnail","7":"category-social"},"_links":{"self":[{"href":"https:\/\/jms.com.bo\/mediamonitor\/wp-json\/wp\/v2\/posts\/70997","targetHints":{"allow":["GET"]}}],"collection":[{"href":"https:\/\/jms.com.bo\/mediamonitor\/wp-json\/wp\/v2\/posts"}],"about":[{"href":"https:\/\/jms.com.bo\/mediamonitor\/wp-json\/wp\/v2\/types\/post"}],"author":[{"embeddable":true,"href":"https:\/\/jms.com.bo\/mediamonitor\/wp-json\/wp\/v2\/users\/4"}],"replies":[{"embeddable":true,"href":"https:\/\/jms.com.bo\/mediamonitor\/wp-json\/wp\/v2\/comments?post=70997"}],"version-history":[{"count":0,"href":"https:\/\/jms.com.bo\/mediamonitor\/wp-json\/wp\/v2\/posts\/70997\/revisions"}],"wp:featuredmedia":[{"embeddable":true,"href":"https:\/\/jms.com.bo\/mediamonitor\/wp-json\/wp\/v2\/media\/70998"}],"wp:attachment":[{"href":"https:\/\/jms.com.bo\/mediamonitor\/wp-json\/wp\/v2\/media?parent=70997"}],"wp:term":[{"taxonomy":"category","embeddable":true,"href":"https:\/\/jms.com.bo\/mediamonitor\/wp-json\/wp\/v2\/categories?post=70997"},{"taxonomy":"post_tag","embeddable":true,"href":"https:\/\/jms.com.bo\/mediamonitor\/wp-json\/wp\/v2\/tags?post=70997"}],"curies":[{"name":"wp","href":"https:\/\/api.w.org\/{rel}","templated":true}]}}