{"id":71001,"date":"2024-11-04T07:03:13","date_gmt":"2024-11-04T11:03:13","guid":{"rendered":"https:\/\/jms.com.bo\/mediamonitor\/2024\/11\/04\/las-pruebas-al-vacio-se-aplican-en-las-cinco-plantas-del-complejo-siderurgico-del-mutun\/"},"modified":"2024-11-04T07:03:13","modified_gmt":"2024-11-04T11:03:13","slug":"las-pruebas-al-vacio-se-aplican-en-las-cinco-plantas-del-complejo-siderurgico-del-mutun","status":"publish","type":"post","link":"https:\/\/jms.com.bo\/mediamonitor\/2024\/11\/04\/las-pruebas-al-vacio-se-aplican-en-las-cinco-plantas-del-complejo-siderurgico-del-mutun\/","title":{"rendered":"Las pruebas al vac\u00edo se aplican en las cinco plantas del Complejo Sider\u00fargico del Mut\u00fan"},"content":{"rendered":"<p style=\"text-align: justify;\">Hace dos meses se vienen realizando las pruebas al vac\u00edo en las cinco primeras plantas del Complejo Sider\u00fargico del Mut\u00fan, ubicado en el municipio de Puerto Su\u00e1rez, que son parte de los trabajos de arranque y ajustes previos para la puesta en marcha del complejo.<\/p>\n<p style=\"text-align: justify;\">Jorge Alvarado Rivas, presidente de la Empresa Sider\u00fargica del Mut\u00fan (ESM), inform\u00f3 que estas pruebas se realizan \u201ccon \u00e9xito\u201d en la planta de la Central El\u00e9ctrica, de Concentraci\u00f3n, de Peletizaci\u00f3n, de Acer\u00eda y de Laminaci\u00f3n.<\/p>\n<p style=\"text-align: justify;\">Alvarado tambi\u00e9n explic\u00f3 que estas pruebas son parte del cronograma previsto y marcan una nueva etapa en el avance de construcci\u00f3n y arranque del complejo sider\u00fargico, que prev\u00e9 concluirse en su totalidad en febrero del 2025 con la finalizaci\u00f3n de la Planta de Reducci\u00f3n Directa del Hierro (DRI).<\/p>\n<p style=\"text-align: justify;\">Sobre la Planta de la Central El\u00e9ctrica, Alvarado explic\u00f3 que se encuentra en ejecuci\u00f3n las pruebas individuales de funcionamiento de los tres primeros generadores de diez que existen en esta \u00e1rea, cuyo objetivo es la generaci\u00f3n de energ\u00eda el\u00e9ctrica para todo el complejo sider\u00fargico.<\/p>\n<p style=\"text-align: justify;\">Asimismo, respecto a la Planta de Laminaci\u00f3n detall\u00f3 que ya se iniciaron las pruebas en vac\u00edo y sin carga individuales de la mayor\u00eda de los equipos, entre ellos: laminadores, motores principales, rodillos de laminaci\u00f3n y ventiladores de enfriamiento de alambr\u00f3n. Lo propio ocurri\u00f3 en la Planta de Concentraci\u00f3n.<\/p>\n<p style=\"text-align: justify;\">En el caso de la Planta de Peletizaci\u00f3n dijo que entre los equipos en los que se hicieron las pruebas al vac\u00edo est\u00e1 el horno rotatorio, enfriador anular, discos peletizadores y sistema de transporte por cinta de pellets.<\/p>\n<p style=\"text-align: justify;\">\u201cEl objetivo de estos trabajos es realizar los ajustes necesarios, el calibrado de instrumentaci\u00f3n de equipos, la verificaci\u00f3n del movimiento de los motores, posibles fugas en ca\u00f1er\u00edas, la verificaci\u00f3n de temperaturas de los motores y cojinetes de los ejes\u201d, precis\u00f3 Alvarado.<\/p>\n<p style=\"text-align: justify;\">Sobre el espacio sider\u00fargico<\/p>\n<p style=\"text-align: justify;\">Cuando el complejo ingrese en funcionamiento a plenitud, Bolivia producir\u00e1 cerca de 200 mil toneladas anuales de barras corrugadas y alambr\u00f3n para la construcci\u00f3n que ser\u00e1n comercializadas en el mercado interno, lo que significa reducir en casi un 50% las importaciones de acero en el pa\u00eds.<\/p>\n<p style=\"text-align: justify;\">Adem\u00e1s, se generar\u00e1n 700 fuentes de empleo directas y m\u00e1s de 2.000 indirectas.<\/p>\n","protected":false},"excerpt":{"rendered":"<p>Hace dos meses se vienen realizando las pruebas al vac\u00edo en las cinco primeras plantas del Complejo Sider\u00fargico del Mut\u00fan, ubicado en el municipio de Puerto Su\u00e1rez, que son parte de los trabajos de arranque y ajustes previos para la puesta en marcha del complejo. Jorge Alvarado Rivas, presidente de la Empresa Sider\u00fargica del Mut\u00fan [&hellip;]<\/p>\n","protected":false},"author":4,"featured_media":71002,"comment_status":"open","ping_status":"closed","sticky":false,"template":"","format":"standard","meta":{"footnotes":""},"categories":[20],"tags":[],"class_list":{"0":"post-71001","1":"post","2":"type-post","3":"status-publish","4":"format-standard","5":"has-post-thumbnail","7":"category-actualidad"},"_links":{"self":[{"href":"https:\/\/jms.com.bo\/mediamonitor\/wp-json\/wp\/v2\/posts\/71001","targetHints":{"allow":["GET"]}}],"collection":[{"href":"https:\/\/jms.com.bo\/mediamonitor\/wp-json\/wp\/v2\/posts"}],"about":[{"href":"https:\/\/jms.com.bo\/mediamonitor\/wp-json\/wp\/v2\/types\/post"}],"author":[{"embeddable":true,"href":"https:\/\/jms.com.bo\/mediamonitor\/wp-json\/wp\/v2\/users\/4"}],"replies":[{"embeddable":true,"href":"https:\/\/jms.com.bo\/mediamonitor\/wp-json\/wp\/v2\/comments?post=71001"}],"version-history":[{"count":0,"href":"https:\/\/jms.com.bo\/mediamonitor\/wp-json\/wp\/v2\/posts\/71001\/revisions"}],"wp:featuredmedia":[{"embeddable":true,"href":"https:\/\/jms.com.bo\/mediamonitor\/wp-json\/wp\/v2\/media\/71002"}],"wp:attachment":[{"href":"https:\/\/jms.com.bo\/mediamonitor\/wp-json\/wp\/v2\/media?parent=71001"}],"wp:term":[{"taxonomy":"category","embeddable":true,"href":"https:\/\/jms.com.bo\/mediamonitor\/wp-json\/wp\/v2\/categories?post=71001"},{"taxonomy":"post_tag","embeddable":true,"href":"https:\/\/jms.com.bo\/mediamonitor\/wp-json\/wp\/v2\/tags?post=71001"}],"curies":[{"name":"wp","href":"https:\/\/api.w.org\/{rel}","templated":true}]}}