{"id":71008,"date":"2024-11-04T07:08:18","date_gmt":"2024-11-04T11:08:18","guid":{"rendered":"https:\/\/jms.com.bo\/mediamonitor\/2024\/11\/04\/si-hay-pedido-de-argentina-bolivia-cumplira-con-la-ley\/"},"modified":"2024-11-04T07:08:18","modified_gmt":"2024-11-04T11:08:18","slug":"si-hay-pedido-de-argentina-bolivia-cumplira-con-la-ley","status":"publish","type":"post","link":"https:\/\/jms.com.bo\/mediamonitor\/2024\/11\/04\/si-hay-pedido-de-argentina-bolivia-cumplira-con-la-ley\/","title":{"rendered":"Si hay pedido de Argentina, Bolivia \u201ccumplir\u00e1 con la ley\u201d"},"content":{"rendered":"<p style=\"text-align: justify;\">El ministro de Gobierno, Eduardo Del Castillo, afirm\u00f3 este domingo que se cumplir\u00e1 con la Ley en caso de recibir alg\u00fan requerimiento desde Argentina, como una alerta migratoria, contra el expresidente Evo Morales, contra quien ya se abri\u00f3 all\u00ed un proceso por trata y abusos a menores cuando fue asilado durante la crisis de 2019.<\/p>\n<p style=\"text-align: justify;\">\u201cEso lo tendr\u00e1n que determinar los fiscales, si hay una alerta migratoria y llega a la Direcci\u00f3n General de Migraci\u00f3n ser\u00e1 la instancia que debe cumplir lo que determina la justicia, as\u00ed como la Polic\u00eda est\u00e1 cumpliendo las leyes, nosotros cumpliremos la Ley y las direcciones van a cumplir las leyes\u00bb, dijo del Castillo en una conferencia de prensa.<\/p>\n<p style=\"text-align: justify;\">La ministra de Seguridad de Argentina, Patricia Bullrich, confirm\u00f3 el s\u00e1bado la apertura de la investigaci\u00f3n penal contra Morales, luego de ser denunciado por el empresario y exministro boliviano Branko Marinkovic.<\/p>\n<p style=\"text-align: justify;\">\u201cHace 15 d\u00edas presentamos una denuncia por presunta comisi\u00f3n de delitos de trata de personas y abuso sexual\u00bb, public\u00f3 Bullrich en su cuenta de X.<\/p>\n<p style=\"text-align: justify;\">La Fiscal\u00eda investiga a Morales desde el 26 de septiembre en un primer caso, despu\u00e9s de recibir un informe de inteligencia en el que se afirma que habr\u00eda cometido los delitos de trata de personas y estupro con una menor de edad con la que supuestamente tuvo una hija en 2015, cuando a\u00fan era presidente.<\/p>\n<p style=\"text-align: justify;\">Esta investigaci\u00f3n se realiza en Tarija y la fiscal a cargo, Sandra Guti\u00e9rrez, dijo el mi\u00e9rcoles que ya cuenta con \u00abpruebas materiales\u00bb contra el exmandatario, aunque el anuncio que hizo de emitir una orden de aprehensi\u00f3n todav\u00eda no se ejecuta.<\/p>\n<p style=\"text-align: justify;\">\u201cA la causa por abuso de menores que ya tiene abierta en Bolivia, se suma algo a\u00fan m\u00e1s aberrante: al socialista expresidente boliviano se lo acusa de haber convivido con 4 adolescentes durante el asilo pol\u00edtico que le brind\u00f3 el kirchnerismo\u201d, a\u00f1adi\u00f3 la ministra argentina en su publicaci\u00f3n.<\/p>\n<p style=\"text-align: justify;\">Al margen del proceso abierto en tarija, hay otras siete denuncias por abusos a menores contra el expresidente boliviano que hicieron conocer autoridades de Cochabamba en octubre, las cuales ser\u00e1n presentadas a la Fiscal\u00eda.<\/p>\n<p style=\"text-align: justify;\">RESPUESTA<\/p>\n<p style=\"text-align: justify;\">En respuesta a la denuncia promovida por la Fundaci\u00f3n Apolo y el gobierno argentino, Evo Morales denunci\u00f3 este domingo que el presidente Javier Milei y su hom\u00f3logo Luis Arce se inventan procesos en su contra; sin embargo, no respondi\u00f3 a las acusaciones en su contra.<\/p>\n<p style=\"text-align: justify;\">\u201cHay much\u00edsimas pruebas en su contra\u201d<\/p>\n<p style=\"text-align: justify;\">La Fundaci\u00f3n Apolo, que present\u00f3 la primera denuncia penal contra Evo Morales en Argentina, agradeci\u00f3 este domingo el apoyo del gobierno de Milei y expres\u00f3 su asombro por el respaldo de la comunidad boliviana.<\/p>\n<p style=\"text-align: justify;\">\u201cEst\u00e1n realmente agradecidos de que alguien haga justicia por ellos\u201d, public\u00f3 el diputado argentino y director de la Fundaci\u00f3n Apolo, Yamil Santoro, en su cuenta de X, tras la confirmaci\u00f3n del gobierno de Javier Milei de una demanda en contra de Morales para investigar supuestos delitos contra menores de edad en Argentina.<\/p>\n","protected":false},"excerpt":{"rendered":"<p>El ministro de Gobierno, Eduardo Del Castillo, afirm\u00f3 este domingo que se cumplir\u00e1 con la Ley en caso de recibir alg\u00fan requerimiento desde Argentina, como una alerta migratoria, contra el expresidente Evo Morales, contra quien ya se abri\u00f3 all\u00ed un proceso por trata y abusos a menores cuando fue asilado durante la crisis de 2019. [&hellip;]<\/p>\n","protected":false},"author":4,"featured_media":71009,"comment_status":"open","ping_status":"closed","sticky":false,"template":"","format":"standard","meta":{"footnotes":""},"categories":[18],"tags":[],"class_list":{"0":"post-71008","1":"post","2":"type-post","3":"status-publish","4":"format-standard","5":"has-post-thumbnail","7":"category-politica"},"_links":{"self":[{"href":"https:\/\/jms.com.bo\/mediamonitor\/wp-json\/wp\/v2\/posts\/71008","targetHints":{"allow":["GET"]}}],"collection":[{"href":"https:\/\/jms.com.bo\/mediamonitor\/wp-json\/wp\/v2\/posts"}],"about":[{"href":"https:\/\/jms.com.bo\/mediamonitor\/wp-json\/wp\/v2\/types\/post"}],"author":[{"embeddable":true,"href":"https:\/\/jms.com.bo\/mediamonitor\/wp-json\/wp\/v2\/users\/4"}],"replies":[{"embeddable":true,"href":"https:\/\/jms.com.bo\/mediamonitor\/wp-json\/wp\/v2\/comments?post=71008"}],"version-history":[{"count":0,"href":"https:\/\/jms.com.bo\/mediamonitor\/wp-json\/wp\/v2\/posts\/71008\/revisions"}],"wp:featuredmedia":[{"embeddable":true,"href":"https:\/\/jms.com.bo\/mediamonitor\/wp-json\/wp\/v2\/media\/71009"}],"wp:attachment":[{"href":"https:\/\/jms.com.bo\/mediamonitor\/wp-json\/wp\/v2\/media?parent=71008"}],"wp:term":[{"taxonomy":"category","embeddable":true,"href":"https:\/\/jms.com.bo\/mediamonitor\/wp-json\/wp\/v2\/categories?post=71008"},{"taxonomy":"post_tag","embeddable":true,"href":"https:\/\/jms.com.bo\/mediamonitor\/wp-json\/wp\/v2\/tags?post=71008"}],"curies":[{"name":"wp","href":"https:\/\/api.w.org\/{rel}","templated":true}]}}