{"id":71012,"date":"2024-11-04T07:11:57","date_gmt":"2024-11-04T11:11:57","guid":{"rendered":"https:\/\/jms.com.bo\/mediamonitor\/2024\/11\/04\/agropecuarios-no-ven-solucion-a-los-bloqueos-y-advierten-que-se-viene-una-fase-de-desempleo\/"},"modified":"2024-11-04T07:11:57","modified_gmt":"2024-11-04T11:11:57","slug":"agropecuarios-no-ven-solucion-a-los-bloqueos-y-advierten-que-se-viene-una-fase-de-desempleo","status":"publish","type":"post","link":"https:\/\/jms.com.bo\/mediamonitor\/2024\/11\/04\/agropecuarios-no-ven-solucion-a-los-bloqueos-y-advierten-que-se-viene-una-fase-de-desempleo\/","title":{"rendered":"Agropecuarios no ven soluci\u00f3n a los bloqueos y advierten que se viene una fase de desempleo"},"content":{"rendered":"<p style=\"text-align: justify;\">Dirigentes de la C\u00e1mara Agropecuaria de Cochabamba informaron este domingo que no hubo soluci\u00f3n al problema de los bloqueos en la regi\u00f3n. Lejos de retirarse, los sectores movilizados, afines a Evo Morales, han radicalizado sus medidas, especialmente en la carretera antigua hacia Santa Cruz.<\/p>\n<p style=\"text-align: justify;\">El vicepresidente de la C\u00e1mara, Rolando Morales, y el presidente de la Federaci\u00f3n de Entidades Empresariales Privadas de Cochabamba, Juan Pablo Demuere, evaluaron las consecuencias de estos bloqueos durante su participaci\u00f3n en el programaHagamos Democracia.<\/p>\n<p style=\"text-align: justify;\">Ambos coincidieron en que el desbloqueo de las v\u00edas no representa el fin del problema, sino el inicio del recuento de los da\u00f1os sufridos por los productores, no solo en Cochabamba sino en todo el pa\u00eds.<\/p>\n<p style=\"text-align: justify;\">\u201cHoy, aunque ha sido un avance importante, los bloqueos se han vuelto a radicalizar de la noche a la ma\u00f1ana. Ayer, nuevamente la carretera antigua hacia Santa Cruz est\u00e1 cerrada\u201d, afirm\u00f3 Morales, se\u00f1alando que m\u00e1s de 3.200 familias se han visto afectadas en su subsistencia.<\/p>\n<p style=\"text-align: justify;\">El dirigente explic\u00f3 que, aunque el pa\u00eds obtiene un peque\u00f1o ingreso para el mantenimiento diario a trav\u00e9s de la producci\u00f3n lechera, av\u00edcola, porcina, hort\u00edcola y c\u00edtrica, estos sectores han sufrido un da\u00f1o inminente.<\/p>\n<p style=\"text-align: justify;\">\u201cEsto ya no tiene retorno. A menos de 50 d\u00edas para fin de a\u00f1o y a menos de 40 d\u00edas para el pago del aguinaldo y los salarios de octubre y noviembre, \u00bfcon qu\u00e9 vamos a cumplir? La C\u00e1mara Agropecuaria aglutina a 18 sectores y a m\u00e1s de 154.000 asociados, muchos de los cuales enfrentan una quiebra inminente. Es necesario buscar soluciones gubernamentales para garantizar la transitabilidad\u201d, subray\u00f3.<\/p>\n<p style=\"text-align: justify;\">Morales se\u00f1al\u00f3 que el comercio con Santa Cruz es clave, ya que m\u00e1s del 70% de los insumos para el sector pecuario provienen del oriente. \u201cCada vez se aleja m\u00e1s la esperanza de desarrollo productivo, y los bloqueos ahora responden a una l\u00ednea estrictamente pol\u00edtica, sin relaci\u00f3n con el sector agropecuario\u201d, lament\u00f3.<\/p>\n<p style=\"text-align: justify;\">Por su parte, Demuere resalt\u00f3 que el bloqueo ha exacerbado la crisis que el pa\u00eds enfrenta desde principios de a\u00f1o debido a la falta de combustibles, afectando gravemente al transporte urbano, interdepartamental e internacional. \u00abNo hay econom\u00eda que pueda funcionar en estas condiciones, y muchos sectores podr\u00edan declarar quiebra. La soluci\u00f3n no termina con el desbloqueo\u00bb, sostuvo.<\/p>\n<p style=\"text-align: justify;\">Para Demuere, la crisis empieza a resolverse con el desbloqueo, pero es necesario pensar en las consecuencias que persisten y en las ayudas que deber\u00e1n coordinarse con las autoridades. \u00abMuchas empresas no podr\u00e1n cumplir con sus obligaciones no porque no quieran, sino porque no han podido vender en 21 d\u00edas y, adem\u00e1s, enfrentan problemas tributarios y escasez de d\u00f3lares\u00bb, afirm\u00f3.<\/p>\n<p style=\"text-align: justify;\">El dirigente se\u00f1al\u00f3 que las exportaciones e importaciones se han reducido en un 37% y 39% respectivamente en comparaci\u00f3n con el a\u00f1o anterior, y advirti\u00f3 que el panorama sigue siendo fr\u00e1gil debido a la creciente radicalizaci\u00f3n tanto en el occidente como en el oriente del pa\u00eds.<\/p>\n<p style=\"text-align: justify;\">Asimismo, anticip\u00f3 que muchas empresas, unidades productivas y comerciantes llegar\u00e1n a fin de a\u00f1o en una situaci\u00f3n dif\u00edcil para hacer frente a sus compromisos, lo cual requiere evaluar medidas como una pausa tributaria y un plan para el pago de cr\u00e9ditos. \u201cLas consecuencias se ver\u00e1n m\u00e1s adelante, con miles de familias que podr\u00edan quedarse sin empleo. Si no se toman medidas efectivas, esto podr\u00eda llevar a un colapso econ\u00f3mico\u201d, concluy\u00f3.<\/p>\n","protected":false},"excerpt":{"rendered":"<p>Dirigentes de la C\u00e1mara Agropecuaria de Cochabamba informaron este domingo que no hubo soluci\u00f3n al problema de los bloqueos en la regi\u00f3n. Lejos de retirarse, los sectores movilizados, afines a Evo Morales, han radicalizado sus medidas, especialmente en la carretera antigua hacia Santa Cruz. El vicepresidente de la C\u00e1mara, Rolando Morales, y el presidente de [&hellip;]<\/p>\n","protected":false},"author":4,"featured_media":71013,"comment_status":"open","ping_status":"closed","sticky":false,"template":"","format":"standard","meta":{"footnotes":""},"categories":[25],"tags":[],"class_list":{"0":"post-71012","1":"post","2":"type-post","3":"status-publish","4":"format-standard","5":"has-post-thumbnail","7":"category-economia"},"_links":{"self":[{"href":"https:\/\/jms.com.bo\/mediamonitor\/wp-json\/wp\/v2\/posts\/71012","targetHints":{"allow":["GET"]}}],"collection":[{"href":"https:\/\/jms.com.bo\/mediamonitor\/wp-json\/wp\/v2\/posts"}],"about":[{"href":"https:\/\/jms.com.bo\/mediamonitor\/wp-json\/wp\/v2\/types\/post"}],"author":[{"embeddable":true,"href":"https:\/\/jms.com.bo\/mediamonitor\/wp-json\/wp\/v2\/users\/4"}],"replies":[{"embeddable":true,"href":"https:\/\/jms.com.bo\/mediamonitor\/wp-json\/wp\/v2\/comments?post=71012"}],"version-history":[{"count":0,"href":"https:\/\/jms.com.bo\/mediamonitor\/wp-json\/wp\/v2\/posts\/71012\/revisions"}],"wp:featuredmedia":[{"embeddable":true,"href":"https:\/\/jms.com.bo\/mediamonitor\/wp-json\/wp\/v2\/media\/71013"}],"wp:attachment":[{"href":"https:\/\/jms.com.bo\/mediamonitor\/wp-json\/wp\/v2\/media?parent=71012"}],"wp:term":[{"taxonomy":"category","embeddable":true,"href":"https:\/\/jms.com.bo\/mediamonitor\/wp-json\/wp\/v2\/categories?post=71012"},{"taxonomy":"post_tag","embeddable":true,"href":"https:\/\/jms.com.bo\/mediamonitor\/wp-json\/wp\/v2\/tags?post=71012"}],"curies":[{"name":"wp","href":"https:\/\/api.w.org\/{rel}","templated":true}]}}