{"id":71014,"date":"2024-11-04T07:13:13","date_gmt":"2024-11-04T11:13:13","guid":{"rendered":"https:\/\/jms.com.bo\/mediamonitor\/2024\/11\/04\/la-informalidad-sube-un-70-por-cierre-de-microempresas\/"},"modified":"2024-11-04T07:13:13","modified_gmt":"2024-11-04T11:13:13","slug":"la-informalidad-sube-un-70-por-cierre-de-microempresas","status":"publish","type":"post","link":"https:\/\/jms.com.bo\/mediamonitor\/2024\/11\/04\/la-informalidad-sube-un-70-por-cierre-de-microempresas\/","title":{"rendered":"La informalidad sube un 70% por cierre de microempresas"},"content":{"rendered":"<p style=\"text-align: justify;\">La Confederaci\u00f3n Nacional de la Micro y Peque\u00f1a Empresa (Conamype) report\u00f3 que durante esta gesti\u00f3n, m\u00e1s del 70% de las microempresas cerraron operaciones y pasaron a la actividad informal en varias regiones del pa\u00eds, por la crisis econ\u00f3mica, la escasez del d\u00f3lar, la falta de circulante, escasez de carburantes y altos costos tributarios en el Servicio de Impuestos Nacionales (SIN).<\/p>\n<p style=\"text-align: justify;\">El secretario general de la Federaci\u00f3n de Micro, Peque\u00f1os Empresarios de Santa Cruz (FEDEMYPE), F\u00e9lix Huaycho, solicit\u00f3 al Gobierno Nacional un plan econ\u00f3mico para salvar al sector, ante la crisis econ\u00f3mica que atraviesan varias regiones por el incremento de las importaciones, la falta de d\u00f3lares y la devaluaci\u00f3n de la moneda boliviana hasta un 60% en la adquisici\u00f3n de bienes y servicios.<\/p>\n<p style=\"text-align: justify;\">El dirigente de la Federaci\u00f3n de Micro Peque\u00f1os Empresarios de Tarija (FEDEMYPE), Alex Mamani, se\u00f1al\u00f3 que varias microempresas cerraron operaciones por los altos costos de la materia prima en el sector textil, cer\u00e1mica, sastrer\u00eda, metalmec\u00e1nica, madera, metal\u00fargica, cueros, gastronom\u00eda y papel, a consecuencia que las materias primas de importaci\u00f3n subieron hasta un 60% en Bolivia.<\/p>\n<p style=\"text-align: justify;\">El cierre de micro y peque\u00f1as empresas en Tarija y en otras regiones del pa\u00eds, por la falta de empleo, crisis econ\u00f3mica, falta de d\u00f3lares y nulo movimiento econ\u00f3mico en las instituciones p\u00fablicas, g\u00e9nero que la poblaci\u00f3n gremial aumente un 80% en la ciudad de Tarija y el comercio informal aumente similar porcentaje sostuvo el ejecutivo de la Federaci\u00f3n Sindical \u00danica de Trabajadores Gremiales de Tarija (Fsutgt), Enoc Ocampo.<\/p>\n<p style=\"text-align: justify;\">Cabe recordar que el Gobierno y la Confederaci\u00f3n Nacional de la Micro y Peque\u00f1a Empresa (Conamype) sellaron un acuerdo en mayo de esta gestion un acuerdo de 14 puntos para fortalecer al sector y viabilizar otros mercados y el acceso m\u00e1s r\u00e1pido a cr\u00e9ditos e insumos.<\/p>\n<p style=\"text-align: justify;\">El ministro de Desarrollo Productivo y Econom\u00eda Plural, N\u00e9stor Huanca, asegur\u00f3 que el Gobierno apoya al sector con programas como el SIBolivia, que ofrece cr\u00e9ditos con el 0,5% de inter\u00e9s, adem\u00e1s, recalc\u00f3 que en los \u00faltimos tres a\u00f1os est\u00e1 invirtiendo m\u00e1s de Bs 3.132 millones; a trav\u00e9s de diferentes programas para fortalecer la micro industria en Bolivia.<\/p>\n<p style=\"text-align: justify;\">El \u00faltimo informe de la Encuesta Continua de Empleo (ECE) del estatal Instituto Nacional de Estad\u00edstica (INE) se\u00f1ala que Bolivia registra una tasa de desocupaci\u00f3n urbana del 4,1 por ciento en el primer trimestre de 2024, la m\u00e1s baja de Sudam\u00e9rica.<\/p>\n<p style=\"text-align: justify;\">Sin embargo, el presidente del Colegio de Economistas de Tarija, Fernando Romero, indic\u00f3 que en el caso de Bolivia, se estima que hay un nivel de informalidad laboral del 83% en las mujeres y del 78% en los hombres, \u201cse evidencia que las tasas por g\u00e9nero son las m\u00e1s altas de la regi\u00f3n\u201d.<\/p>\n","protected":false},"excerpt":{"rendered":"<p>La Confederaci\u00f3n Nacional de la Micro y Peque\u00f1a Empresa (Conamype) report\u00f3 que durante esta gesti\u00f3n, m\u00e1s del 70% de las microempresas cerraron operaciones y pasaron a la actividad informal en varias regiones del pa\u00eds, por la crisis econ\u00f3mica, la escasez del d\u00f3lar, la falta de circulante, escasez de carburantes y altos costos tributarios en el [&hellip;]<\/p>\n","protected":false},"author":4,"featured_media":71015,"comment_status":"open","ping_status":"closed","sticky":false,"template":"","format":"standard","meta":{"footnotes":""},"categories":[25],"tags":[],"class_list":{"0":"post-71014","1":"post","2":"type-post","3":"status-publish","4":"format-standard","5":"has-post-thumbnail","7":"category-economia"},"_links":{"self":[{"href":"https:\/\/jms.com.bo\/mediamonitor\/wp-json\/wp\/v2\/posts\/71014","targetHints":{"allow":["GET"]}}],"collection":[{"href":"https:\/\/jms.com.bo\/mediamonitor\/wp-json\/wp\/v2\/posts"}],"about":[{"href":"https:\/\/jms.com.bo\/mediamonitor\/wp-json\/wp\/v2\/types\/post"}],"author":[{"embeddable":true,"href":"https:\/\/jms.com.bo\/mediamonitor\/wp-json\/wp\/v2\/users\/4"}],"replies":[{"embeddable":true,"href":"https:\/\/jms.com.bo\/mediamonitor\/wp-json\/wp\/v2\/comments?post=71014"}],"version-history":[{"count":0,"href":"https:\/\/jms.com.bo\/mediamonitor\/wp-json\/wp\/v2\/posts\/71014\/revisions"}],"wp:featuredmedia":[{"embeddable":true,"href":"https:\/\/jms.com.bo\/mediamonitor\/wp-json\/wp\/v2\/media\/71015"}],"wp:attachment":[{"href":"https:\/\/jms.com.bo\/mediamonitor\/wp-json\/wp\/v2\/media?parent=71014"}],"wp:term":[{"taxonomy":"category","embeddable":true,"href":"https:\/\/jms.com.bo\/mediamonitor\/wp-json\/wp\/v2\/categories?post=71014"},{"taxonomy":"post_tag","embeddable":true,"href":"https:\/\/jms.com.bo\/mediamonitor\/wp-json\/wp\/v2\/tags?post=71014"}],"curies":[{"name":"wp","href":"https:\/\/api.w.org\/{rel}","templated":true}]}}