{"id":71041,"date":"2024-11-05T06:43:40","date_gmt":"2024-11-05T10:43:40","guid":{"rendered":"https:\/\/jms.com.bo\/mediamonitor\/2024\/11\/05\/mineros-auriferos-se-declaran-en-estado-de-emergencia-por-la-falta-de-combustible\/"},"modified":"2024-11-05T06:43:40","modified_gmt":"2024-11-05T10:43:40","slug":"mineros-auriferos-se-declaran-en-estado-de-emergencia-por-la-falta-de-combustible","status":"publish","type":"post","link":"https:\/\/jms.com.bo\/mediamonitor\/2024\/11\/05\/mineros-auriferos-se-declaran-en-estado-de-emergencia-por-la-falta-de-combustible\/","title":{"rendered":"Mineros aur\u00edferos se declaran en estado de emergencia por la falta de combustible"},"content":{"rendered":"<p style=\"text-align: justify;\">Dirigentes de la Federaci\u00f3n de Cooperativas Mineras Aur\u00edferas del Norte de La Paz R.L. (Fecoman RL) se encuentran en estado de emergencia por la falta de combustible para realizar su trabajo.<\/p>\n<p style=\"text-align: justify;\">Desde horas a la ma\u00f1ana, un grupo de mineros instalaron una vigilia frente a la planta en Senkata de Yacimientos Petrol\u00edferos Fiscales Bolivianos (YPFB), El Alto, para reunirse con representantes de la estatal y hacerles conocer la situaci\u00f3n en la que se encuentran.<\/p>\n<p style=\"text-align: justify;\">Tras el di\u00e1logo, el presidente de Fecoman RL, Efra\u00edn Silva, inform\u00f3 que no se lleg\u00f3 a una \u201cbuena conclusi\u00f3n\u201d ya que no se cuenta con el combustible que requieren para cubrir la demanda que tienen.<\/p>\n<p style=\"text-align: justify;\">\u201cHemos tratado de hacer entender que nuestra necesidad para poder trabajar y si no tenemos esa materia prima, lamentablemente, vamos a tener que salir a exigir a las calles\u201d, explic\u00f3.<\/p>\n<p style=\"text-align: justify;\">Para este martes, Fecoman RL tiene previsto una reuni\u00f3n con los presidentes de las centrales cooperativas donde se podr\u00eda asumir una posici\u00f3n por la falta en la provisi\u00f3n de combustible y la respuesta que tuvieron en YPFB.<\/p>\n<p style=\"text-align: justify;\">Silva cuestion\u00f3 que desde hace tres meses las cooperativas mineras aur\u00edferas no cuentan con el combustible y descart\u00f3 que el pedido de su sector tenga alg\u00fan objetivo pol\u00edtico en contra del Gobierno.<\/p>\n","protected":false},"excerpt":{"rendered":"<p>Dirigentes de la Federaci\u00f3n de Cooperativas Mineras Aur\u00edferas del Norte de La Paz R.L. (Fecoman RL) se encuentran en estado de emergencia por la falta de combustible para realizar su trabajo. Desde horas a la ma\u00f1ana, un grupo de mineros instalaron una vigilia frente a la planta en Senkata de Yacimientos Petrol\u00edferos Fiscales Bolivianos (YPFB), [&hellip;]<\/p>\n","protected":false},"author":4,"featured_media":71042,"comment_status":"open","ping_status":"closed","sticky":false,"template":"","format":"standard","meta":{"footnotes":""},"categories":[49],"tags":[],"class_list":{"0":"post-71041","1":"post","2":"type-post","3":"status-publish","4":"format-standard","5":"has-post-thumbnail","7":"category-social"},"_links":{"self":[{"href":"https:\/\/jms.com.bo\/mediamonitor\/wp-json\/wp\/v2\/posts\/71041","targetHints":{"allow":["GET"]}}],"collection":[{"href":"https:\/\/jms.com.bo\/mediamonitor\/wp-json\/wp\/v2\/posts"}],"about":[{"href":"https:\/\/jms.com.bo\/mediamonitor\/wp-json\/wp\/v2\/types\/post"}],"author":[{"embeddable":true,"href":"https:\/\/jms.com.bo\/mediamonitor\/wp-json\/wp\/v2\/users\/4"}],"replies":[{"embeddable":true,"href":"https:\/\/jms.com.bo\/mediamonitor\/wp-json\/wp\/v2\/comments?post=71041"}],"version-history":[{"count":0,"href":"https:\/\/jms.com.bo\/mediamonitor\/wp-json\/wp\/v2\/posts\/71041\/revisions"}],"wp:featuredmedia":[{"embeddable":true,"href":"https:\/\/jms.com.bo\/mediamonitor\/wp-json\/wp\/v2\/media\/71042"}],"wp:attachment":[{"href":"https:\/\/jms.com.bo\/mediamonitor\/wp-json\/wp\/v2\/media?parent=71041"}],"wp:term":[{"taxonomy":"category","embeddable":true,"href":"https:\/\/jms.com.bo\/mediamonitor\/wp-json\/wp\/v2\/categories?post=71041"},{"taxonomy":"post_tag","embeddable":true,"href":"https:\/\/jms.com.bo\/mediamonitor\/wp-json\/wp\/v2\/tags?post=71041"}],"curies":[{"name":"wp","href":"https:\/\/api.w.org\/{rel}","templated":true}]}}