{"id":71171,"date":"2024-11-08T06:52:13","date_gmt":"2024-11-08T10:52:13","guid":{"rendered":"https:\/\/jms.com.bo\/mediamonitor\/2024\/11\/08\/magisterio-urbano-saldra-en-marcha-este-viernes-en-santa-cruz-con-diversas-demandas\/"},"modified":"2024-11-08T06:52:13","modified_gmt":"2024-11-08T10:52:13","slug":"magisterio-urbano-saldra-en-marcha-este-viernes-en-santa-cruz-con-diversas-demandas","status":"publish","type":"post","link":"https:\/\/jms.com.bo\/mediamonitor\/2024\/11\/08\/magisterio-urbano-saldra-en-marcha-este-viernes-en-santa-cruz-con-diversas-demandas\/","title":{"rendered":"Magisterio urbano saldr\u00e1 en marcha este viernes en Santa Cruz con diversas demandas"},"content":{"rendered":"<p style=\"text-align: justify;\">La Federaci\u00f3n Departamental de Trabajadores de Educaci\u00f3n Urbana de Santa Cruz ha convocado a una marcha este viernes 8 de noviembre, desde las 10:30 horas. La concentraci\u00f3n se realizar\u00e1 en su sede, ubicada en la calle La Paz.<\/p>\n<p style=\"text-align: justify;\">La marcha tiene como prop\u00f3sito visibilizar las demandas de los maestros, que exigen una mayor participaci\u00f3n del Magisterio de base en el pr\u00f3ximo Congreso Plurinacional de la Educaci\u00f3n. Adem\u00e1s entre las principales demandas est\u00e1n el rechazo al incremento en los precios de la canasta familiar, la mejora en la atenci\u00f3n de la Caja Nacional de Salud (CNS) y la abrogaci\u00f3n de las llamadas \u00ableyes incendiarias\u00bb, que el sector considera perjudiciales.<\/p>\n<p style=\"text-align: justify;\">Adem\u00e1s, los maestros reclaman un presupuesto suficiente para cubrir \u00edtems, infraestructura y condiciones materiales en el sistema educativo. Tambi\u00e9n piden un incremento salarial que refleje el costo de vida actual y compense la p\u00e9rdida del valor adquisitivo, derivada de la crisis econ\u00f3mica de a\u00f1os anteriores.<\/p>\n<p style=\"text-align: justify;\">A esto suma que los maestros urbanos de Santa Cruz expresar\u00e1n su molestia ante la falta de combustible lo que perjudica directamente a los escolares ya que el transporte p\u00fablico ha reducido sus unidades de micros.<\/p>\n<p style=\"text-align: justify;\">\u201cEstamos analizando y coordinando con las autoridades ya que las unidades de transporte p\u00fablico han reducido en 60% y solo un 40% est\u00e1 trabajando, los ni\u00f1os est\u00e1n esperando hasta m\u00e1s de media hora para poder llegar a sus diferentes unidades educativas. En horario nocturno hay ausentismo debido a la falta de transporte y veremos el horario de ingreso y salida para que no sean perjudicados\u00bb, indic\u00f3 Osmar Cabrera dirigente del sector.<\/p>\n<p style=\"text-align: justify;\">El Congreso de Educaci\u00f3n fue postergado por el gobierno hasta el 25 de noviembre, debido a los recientes bloqueos y la sede cambi\u00f3 de Cochabamba a Tarija.<\/p>\n","protected":false},"excerpt":{"rendered":"<p>La Federaci\u00f3n Departamental de Trabajadores de Educaci\u00f3n Urbana de Santa Cruz ha convocado a una marcha este viernes 8 de noviembre, desde las 10:30 horas. La concentraci\u00f3n se realizar\u00e1 en su sede, ubicada en la calle La Paz. La marcha tiene como prop\u00f3sito visibilizar las demandas de los maestros, que exigen una mayor participaci\u00f3n del [&hellip;]<\/p>\n","protected":false},"author":4,"featured_media":71172,"comment_status":"open","ping_status":"closed","sticky":false,"template":"","format":"standard","meta":{"footnotes":""},"categories":[53],"tags":[],"class_list":{"0":"post-71171","1":"post","2":"type-post","3":"status-publish","4":"format-standard","5":"has-post-thumbnail","7":"category-salud"},"_links":{"self":[{"href":"https:\/\/jms.com.bo\/mediamonitor\/wp-json\/wp\/v2\/posts\/71171","targetHints":{"allow":["GET"]}}],"collection":[{"href":"https:\/\/jms.com.bo\/mediamonitor\/wp-json\/wp\/v2\/posts"}],"about":[{"href":"https:\/\/jms.com.bo\/mediamonitor\/wp-json\/wp\/v2\/types\/post"}],"author":[{"embeddable":true,"href":"https:\/\/jms.com.bo\/mediamonitor\/wp-json\/wp\/v2\/users\/4"}],"replies":[{"embeddable":true,"href":"https:\/\/jms.com.bo\/mediamonitor\/wp-json\/wp\/v2\/comments?post=71171"}],"version-history":[{"count":0,"href":"https:\/\/jms.com.bo\/mediamonitor\/wp-json\/wp\/v2\/posts\/71171\/revisions"}],"wp:featuredmedia":[{"embeddable":true,"href":"https:\/\/jms.com.bo\/mediamonitor\/wp-json\/wp\/v2\/media\/71172"}],"wp:attachment":[{"href":"https:\/\/jms.com.bo\/mediamonitor\/wp-json\/wp\/v2\/media?parent=71171"}],"wp:term":[{"taxonomy":"category","embeddable":true,"href":"https:\/\/jms.com.bo\/mediamonitor\/wp-json\/wp\/v2\/categories?post=71171"},{"taxonomy":"post_tag","embeddable":true,"href":"https:\/\/jms.com.bo\/mediamonitor\/wp-json\/wp\/v2\/tags?post=71171"}],"curies":[{"name":"wp","href":"https:\/\/api.w.org\/{rel}","templated":true}]}}