{"id":72419,"date":"2024-12-19T07:23:01","date_gmt":"2024-12-19T11:23:01","guid":{"rendered":"https:\/\/jms.com.bo\/mediamonitor\/2024\/12\/19\/bolivia-crecera-solo-17-en-2024\/"},"modified":"2024-12-19T07:23:01","modified_gmt":"2024-12-19T11:23:01","slug":"bolivia-crecera-solo-17-en-2024","status":"publish","type":"post","link":"https:\/\/jms.com.bo\/mediamonitor\/2024\/12\/19\/bolivia-crecera-solo-17-en-2024\/","title":{"rendered":"Bolivia crecer\u00e1 solo 1,7% en 2024"},"content":{"rendered":"<p style=\"text-align: justify;\">La Comisi\u00f3n Econ\u00f3mica para Am\u00e9rica Latina y el Caribe (Cepal) p\u00fablico su \u00faltimo informe econ\u00f3mico regional titulado \u201cBalance Preliminar de las Econom\u00edas de Am\u00e9rica Latina y el Caribe 2024\u201d, donde indica que el crecimiento econ\u00f3mico de Am\u00e9rica Latina sigue siendo bajo y Bolivia s\u00f3lo crecer\u00e1 1,7% en 2024.<\/p>\n<p style=\"text-align: justify;\">El informe se\u00f1ala que el crecimiento econ\u00f3mico de Am\u00e9rica Latina sigue siendo bajo y mantiene su tendencia de desaceleraci\u00f3n, donde M\u00e9xico y Centroam\u00e9rica muestran un mejor desempe\u00f1o que Am\u00e9rica del Sur. As\u00ed mismo explica que la inflaci\u00f3n en las econom\u00edas tiende a la baja en la regi\u00f3n, que hubo un incremento m\u00ednimo del empleo en la regi\u00f3n y sobre las pol\u00edticas macroecon\u00f3micas, condicionadas por el contexto externo, el riesgo de la deuda p\u00fablica y la incertidumbre en los gobiernos por el contexto pol\u00edtico y social interno, seg\u00fan el an\u00e1lisis del presidente del Colegio Departamental de Economistas de Tarija, Fernando Romero.<\/p>\n<p style=\"text-align: justify;\">Seg\u00fan ese informe, Am\u00e9rica Latina y el Caribe crecer\u00e1 este 2024 en 2,2%, mayor al 1,8% proyectado en agosto de este a\u00f1o. De igual manera indica que la inflaci\u00f3n regional ser\u00e1 del 3,4%, menor al 3,7% obtenido el 2023. En cuanto al crecimiento econ\u00f3mico de Sudam\u00e9rica se estima que este ser\u00e1 del 2,1%, con un repunte para el 2025 de un 2,6%.<\/p>\n<p style=\"text-align: justify;\">Se reafirma que las \u00fanicas econom\u00edas que decrecer\u00e1n en su PIB (real) este 2024 ser\u00e1n Hait\u00ed (-4%), Argentina (-3,2%) y Cuba (-1%). La Cepal proyecta que para el 2025 solo Cuba y Hait\u00ed continuaran con este proceso de contracci\u00f3n econ\u00f3mica. A nivel regional, las econom\u00edas que m\u00e1s crecer\u00e1n este 2024 ser\u00e1n Guyana (41,5%), Belice (7%), Antigua y Barbuda (6%), Republicana Dominicana (5%) y Paraguay (4,2%).<\/p>\n<p style=\"text-align: justify;\">BOLIVIA, a nivel de Sudam\u00e9rica, ser\u00e1 la 2da econom\u00eda y a nivel regional (Latinoam\u00e9rica y el Caribe) la 4\u00b0 con menor crecimiento econ\u00f3mico para este 2024, seg\u00fan la Cepal, e acuerdo con el an\u00e1lisis de Romero.<\/p>\n<p style=\"text-align: justify;\">Bolivia se consolid\u00f3 como la 3ra econom\u00eda m\u00e1s inflacionaria de la regi\u00f3n despu\u00e9s de Argentina y Venezuela, con una inflaci\u00f3n acumulada del 8,82% y una interanual del 9,51%, debido principalmente a un d\u00e9ficit fiscal de m\u00e1s de una d\u00e9cada, que trajo consigo una crisis multidimensional, que provoco la devaluaci\u00f3n y p\u00e9rdida del poder adquisitivo de la moneda cerca al 60%, lo cual acompa\u00f1ado con este bajo crecimiento econ\u00f3mico nacional, que puede empujar al pa\u00eds a una estanflaci\u00f3n con m\u00e1s pobreza en sus habitantes.<\/p>\n<p style=\"text-align: justify;\">Finalmente, el informe de la Cepal, s\u00f3lo corrobora que la econom\u00eda boliviana entra en un nuevo ciclo recesivo, pero uno muy riesgoso, debido a un escenario posible de default y crisis de balanza de pagos, debido a problemas cr\u00f3nicos de solvencia y liquidez, sobre todo en d\u00f3lares, lo cual, hace cada vez menos sostenible el actual modelo econ\u00f3mico basado en un gasto publico elevado, donde a corto plazo, el gobierno puede tener un conflicto importante en honrar sus obligaciones externas como internas, donde tal vez su \u00fanica salvaci\u00f3n sea mayor deuda p\u00fablica, concluye el an\u00e1lisis de Romero<\/p>\n<p style=\"text-align: justify;\">\n","protected":false},"excerpt":{"rendered":"<p>La Comisi\u00f3n Econ\u00f3mica para Am\u00e9rica Latina y el Caribe (Cepal) p\u00fablico su \u00faltimo informe econ\u00f3mico regional titulado \u201cBalance Preliminar de las Econom\u00edas de Am\u00e9rica Latina y el Caribe 2024\u201d, donde indica que el crecimiento econ\u00f3mico de Am\u00e9rica Latina sigue siendo bajo y Bolivia s\u00f3lo crecer\u00e1 1,7% en 2024. El informe se\u00f1ala que el crecimiento econ\u00f3mico [&hellip;]<\/p>\n","protected":false},"author":4,"featured_media":72420,"comment_status":"open","ping_status":"closed","sticky":false,"template":"","format":"standard","meta":{"footnotes":""},"categories":[25],"tags":[],"class_list":{"0":"post-72419","1":"post","2":"type-post","3":"status-publish","4":"format-standard","5":"has-post-thumbnail","7":"category-economia"},"_links":{"self":[{"href":"https:\/\/jms.com.bo\/mediamonitor\/wp-json\/wp\/v2\/posts\/72419","targetHints":{"allow":["GET"]}}],"collection":[{"href":"https:\/\/jms.com.bo\/mediamonitor\/wp-json\/wp\/v2\/posts"}],"about":[{"href":"https:\/\/jms.com.bo\/mediamonitor\/wp-json\/wp\/v2\/types\/post"}],"author":[{"embeddable":true,"href":"https:\/\/jms.com.bo\/mediamonitor\/wp-json\/wp\/v2\/users\/4"}],"replies":[{"embeddable":true,"href":"https:\/\/jms.com.bo\/mediamonitor\/wp-json\/wp\/v2\/comments?post=72419"}],"version-history":[{"count":0,"href":"https:\/\/jms.com.bo\/mediamonitor\/wp-json\/wp\/v2\/posts\/72419\/revisions"}],"wp:featuredmedia":[{"embeddable":true,"href":"https:\/\/jms.com.bo\/mediamonitor\/wp-json\/wp\/v2\/media\/72420"}],"wp:attachment":[{"href":"https:\/\/jms.com.bo\/mediamonitor\/wp-json\/wp\/v2\/media?parent=72419"}],"wp:term":[{"taxonomy":"category","embeddable":true,"href":"https:\/\/jms.com.bo\/mediamonitor\/wp-json\/wp\/v2\/categories?post=72419"},{"taxonomy":"post_tag","embeddable":true,"href":"https:\/\/jms.com.bo\/mediamonitor\/wp-json\/wp\/v2\/tags?post=72419"}],"curies":[{"name":"wp","href":"https:\/\/api.w.org\/{rel}","templated":true}]}}