{"id":72440,"date":"2024-12-20T06:29:48","date_gmt":"2024-12-20T10:29:48","guid":{"rendered":"https:\/\/jms.com.bo\/mediamonitor\/2024\/12\/20\/bloqueo-evista-deja-como-efecto-alza-del-precio-de-la-carne-de-pollo-y-sobredemanda\/"},"modified":"2024-12-20T06:29:48","modified_gmt":"2024-12-20T10:29:48","slug":"bloqueo-evista-deja-como-efecto-alza-del-precio-de-la-carne-de-pollo-y-sobredemanda","status":"publish","type":"post","link":"https:\/\/jms.com.bo\/mediamonitor\/2024\/12\/20\/bloqueo-evista-deja-como-efecto-alza-del-precio-de-la-carne-de-pollo-y-sobredemanda\/","title":{"rendered":"Bloqueo evista deja como efecto alza del precio de la carne de pollo y sobredemanda"},"content":{"rendered":"<p style=\"text-align: justify;\">El efecto del bloqueo de 24 d\u00edas, entre octubre y noviembre, protagonizado por afines a Evo Morales, se siente actualmente en el alza del precio de la carne de pollo y sobredemanda del producto, se\u00f1al\u00f3 este jueves el viceministro de Defensa al Consumidor, Jorge Silva.<\/p>\n<p style=\"text-align: justify;\">\u201cDurante los 24 d\u00edas de bloqueo la carga de los pollos BB ha sido menor y (..) ahora estamos sintiendo ese efecto (\u2026)\u201d, explic\u00f3 la autoridad gubernamental en contacto con Bolivia Tv.<\/p>\n<p style=\"text-align: justify;\">Indic\u00f3 que, en granja, un pollo BB tiene entre 45 y 50 d\u00edas para engordar y luego entrar al faeneo.<\/p>\n<p style=\"text-align: justify;\">Pero el sector av\u00edcola no pudo cargar en granja los pollitos BB en las cantidades que normalmente lo hace durante el bloqueo de 24 d\u00edas y los efectos de ello se sienten ahora en el mercado, como el alza del precio.<\/p>\n<p style=\"text-align: justify;\">A ello se suma otro factor, que la carne de pollo \u201ctodav\u00eda es la m\u00e1s barata\u201d en el mercado y el consumidor final opta por este producto por ser m\u00e1s econ\u00f3mico, respecto a las dem\u00e1s carnes, como las de cerdo o res.<\/p>\n<p style=\"text-align: justify;\">\u201cHay una sobredemanda de carne de pollo, hay una oferta que no est\u00e1 pudiendo cubrir esa sobredemanda debido a la carga de los pollitos BB durante los 24 d\u00edas de bloqueo y eso est\u00e1 generando este incremento de precios, m\u00e1s all\u00e1 de lo que ten\u00edamos el a\u00f1o pasado\u201d, dijo.<\/p>\n<p style=\"text-align: justify;\">Silva mencion\u00f3 que eso no significa que se deje que el precio del producto se aumente a discrecionalidad.<\/p>\n<p style=\"text-align: justify;\">\u201cYa nos hemos contactado con los representantes de ADA (Asociaci\u00f3n del Avicultores) Cochabamba para que nos hagan conocer el reporte de precios de granja; es decir, ellos a c\u00f3mo est\u00e1n enviando el kilo de carne de pollo a los mercados especialmente de La Paz y El Alto\u201d, asever\u00f3.<\/p>\n<p style=\"text-align: justify;\">En funci\u00f3n a ello, Defensa del Consumidor ver\u00e1 si \u201cen el camino nuevamente el mayorista est\u00e1 especulando\u201d.<\/p>\n<p style=\"text-align: justify;\">\u201cSi es as\u00ed, por supuesto que vamos a realizar los controles y las sanciones correspondientes contra aquellas personas que est\u00e9n aprovech\u00e1ndose de esta coyuntura para incrementar el precio m\u00e1s all\u00e1 de lo que normalmente deber\u00eda ser\u201d, advirti\u00f3.<\/p>\n","protected":false},"excerpt":{"rendered":"<p>El efecto del bloqueo de 24 d\u00edas, entre octubre y noviembre, protagonizado por afines a Evo Morales, se siente actualmente en el alza del precio de la carne de pollo y sobredemanda del producto, se\u00f1al\u00f3 este jueves el viceministro de Defensa al Consumidor, Jorge Silva. \u201cDurante los 24 d\u00edas de bloqueo la carga de los [&hellip;]<\/p>\n","protected":false},"author":4,"featured_media":72441,"comment_status":"open","ping_status":"closed","sticky":false,"template":"","format":"standard","meta":{"footnotes":""},"categories":[52],"tags":[],"class_list":{"0":"post-72440","1":"post","2":"type-post","3":"status-publish","4":"format-standard","5":"has-post-thumbnail","7":"category-alimentos-agroindustria"},"_links":{"self":[{"href":"https:\/\/jms.com.bo\/mediamonitor\/wp-json\/wp\/v2\/posts\/72440","targetHints":{"allow":["GET"]}}],"collection":[{"href":"https:\/\/jms.com.bo\/mediamonitor\/wp-json\/wp\/v2\/posts"}],"about":[{"href":"https:\/\/jms.com.bo\/mediamonitor\/wp-json\/wp\/v2\/types\/post"}],"author":[{"embeddable":true,"href":"https:\/\/jms.com.bo\/mediamonitor\/wp-json\/wp\/v2\/users\/4"}],"replies":[{"embeddable":true,"href":"https:\/\/jms.com.bo\/mediamonitor\/wp-json\/wp\/v2\/comments?post=72440"}],"version-history":[{"count":0,"href":"https:\/\/jms.com.bo\/mediamonitor\/wp-json\/wp\/v2\/posts\/72440\/revisions"}],"wp:featuredmedia":[{"embeddable":true,"href":"https:\/\/jms.com.bo\/mediamonitor\/wp-json\/wp\/v2\/media\/72441"}],"wp:attachment":[{"href":"https:\/\/jms.com.bo\/mediamonitor\/wp-json\/wp\/v2\/media?parent=72440"}],"wp:term":[{"taxonomy":"category","embeddable":true,"href":"https:\/\/jms.com.bo\/mediamonitor\/wp-json\/wp\/v2\/categories?post=72440"},{"taxonomy":"post_tag","embeddable":true,"href":"https:\/\/jms.com.bo\/mediamonitor\/wp-json\/wp\/v2\/tags?post=72440"}],"curies":[{"name":"wp","href":"https:\/\/api.w.org\/{rel}","templated":true}]}}