{"id":72442,"date":"2024-12-20T06:31:08","date_gmt":"2024-12-20T10:31:08","guid":{"rendered":"https:\/\/jms.com.bo\/mediamonitor\/2024\/12\/20\/sector-del-transporte-exige-prohibir-los-micros-intermunicipales-en-santa-cruz\/"},"modified":"2024-12-20T06:31:08","modified_gmt":"2024-12-20T10:31:08","slug":"sector-del-transporte-exige-prohibir-los-micros-intermunicipales-en-santa-cruz","status":"publish","type":"post","link":"https:\/\/jms.com.bo\/mediamonitor\/2024\/12\/20\/sector-del-transporte-exige-prohibir-los-micros-intermunicipales-en-santa-cruz\/","title":{"rendered":"Sector del transporte exige prohibir los micros intermunicipales en Santa Cruz"},"content":{"rendered":"<p style=\"text-align: justify;\">Transportistas del sector urbano de Santa Cruz bloquearon este jueves por la ma\u00f1ana el acceso a la Secretar\u00eda de Tr\u00e1nsito y Transporte, dependiente de la Alcald\u00eda cruce\u00f1a, en protesta contra la circulaci\u00f3n de micros intermunicipales en la ciudad. Los manifestantes tambi\u00e9n demandan la dimisi\u00f3n del titular de esta dependencia, Jos\u00e9 Carlos Cu\u00e9llar.<\/p>\n<p style=\"text-align: justify;\">La protesta, impidi\u00f3 el ingreso de funcionarios durante toda la ma\u00f1ana. Dicha medida surge tras meses de reclamos por la falta de respuesta a su solicitud de prohibir el ingreso de estas l\u00edneas a zonas urbanas. Seg\u00fan los transportistas, los micros intermunicipales operan sin autorizaci\u00f3n, afectando directamente a sus rutas.<\/p>\n<p style=\"text-align: justify;\">\u201cNo respetan; nuevamente han dado la orden para que estas l\u00edneas puedan ingresar sobre las rutas de barrio\u201d, se\u00f1al\u00f3 Roger Arias, representante del Bloque Pampa de la Isla.<\/p>\n<p style=\"text-align: justify;\">Los movilizados anunciaron que mantendr\u00e1n el bloqueo hasta que las autoridades atiendan sus demandas. Por su parte, la Alcald\u00eda no ha emitido a\u00fan un pronunciamiento oficial sobre el conflicto.<\/p>\n","protected":false},"excerpt":{"rendered":"<p>Transportistas del sector urbano de Santa Cruz bloquearon este jueves por la ma\u00f1ana el acceso a la Secretar\u00eda de Tr\u00e1nsito y Transporte, dependiente de la Alcald\u00eda cruce\u00f1a, en protesta contra la circulaci\u00f3n de micros intermunicipales en la ciudad. Los manifestantes tambi\u00e9n demandan la dimisi\u00f3n del titular de esta dependencia, Jos\u00e9 Carlos Cu\u00e9llar. La protesta, impidi\u00f3 [&hellip;]<\/p>\n","protected":false},"author":4,"featured_media":72443,"comment_status":"open","ping_status":"closed","sticky":false,"template":"","format":"standard","meta":{"footnotes":""},"categories":[49],"tags":[],"class_list":{"0":"post-72442","1":"post","2":"type-post","3":"status-publish","4":"format-standard","5":"has-post-thumbnail","7":"category-social"},"_links":{"self":[{"href":"https:\/\/jms.com.bo\/mediamonitor\/wp-json\/wp\/v2\/posts\/72442","targetHints":{"allow":["GET"]}}],"collection":[{"href":"https:\/\/jms.com.bo\/mediamonitor\/wp-json\/wp\/v2\/posts"}],"about":[{"href":"https:\/\/jms.com.bo\/mediamonitor\/wp-json\/wp\/v2\/types\/post"}],"author":[{"embeddable":true,"href":"https:\/\/jms.com.bo\/mediamonitor\/wp-json\/wp\/v2\/users\/4"}],"replies":[{"embeddable":true,"href":"https:\/\/jms.com.bo\/mediamonitor\/wp-json\/wp\/v2\/comments?post=72442"}],"version-history":[{"count":0,"href":"https:\/\/jms.com.bo\/mediamonitor\/wp-json\/wp\/v2\/posts\/72442\/revisions"}],"wp:featuredmedia":[{"embeddable":true,"href":"https:\/\/jms.com.bo\/mediamonitor\/wp-json\/wp\/v2\/media\/72443"}],"wp:attachment":[{"href":"https:\/\/jms.com.bo\/mediamonitor\/wp-json\/wp\/v2\/media?parent=72442"}],"wp:term":[{"taxonomy":"category","embeddable":true,"href":"https:\/\/jms.com.bo\/mediamonitor\/wp-json\/wp\/v2\/categories?post=72442"},{"taxonomy":"post_tag","embeddable":true,"href":"https:\/\/jms.com.bo\/mediamonitor\/wp-json\/wp\/v2\/tags?post=72442"}],"curies":[{"name":"wp","href":"https:\/\/api.w.org\/{rel}","templated":true}]}}