{"id":72444,"date":"2024-12-20T06:32:20","date_gmt":"2024-12-20T10:32:20","guid":{"rendered":"https:\/\/jms.com.bo\/mediamonitor\/2024\/12\/20\/mananeros-agravan-el-caos-en-la-avenida-cumavi-y-la-feria-barrio-lindo\/"},"modified":"2024-12-20T06:32:20","modified_gmt":"2024-12-20T10:32:20","slug":"mananeros-agravan-el-caos-en-la-avenida-cumavi-y-la-feria-barrio-lindo","status":"publish","type":"post","link":"https:\/\/jms.com.bo\/mediamonitor\/2024\/12\/20\/mananeros-agravan-el-caos-en-la-avenida-cumavi-y-la-feria-barrio-lindo\/","title":{"rendered":"\u201cMa\u00f1aneros\u201d agravan el caos en la avenida Cumavi y la Feria Barrio Lindo"},"content":{"rendered":"<p style=\"text-align: justify;\">El caos vehicular y peatonal en la avenida Cumavi, Tres Pasos Al Frente y Virgen de Cotoca entre el cuarto y quinto anillo, ha alcanzado niveles alarmantes debido a la ocupaci\u00f3n de espacios p\u00fablicos por vendedores ambulantes, conocidos como \u00abma\u00f1aneros\u00bb. A diferencia de otros meses, cuando solo se instalan algunas horas en la ma\u00f1ana, en esa recta final del a\u00f1o se quedan durante todo el d\u00eda.<\/p>\n<p style=\"text-align: justify;\">La situaci\u00f3n se agrava porque la Feria Barrio Lindo, que normalmente funciona los mi\u00e9rcoles y s\u00e1bados, desde este 13 de diciembre y hasta A\u00f1o Nuevo atiende al p\u00fablico los siete d\u00edas de la semana.<\/p>\n<p style=\"text-align: justify;\">Los puestos de venta han invadido aceras, camellones y otras \u00e1reas p\u00fablicas, generando molestia entre vecinos y comerciantes con casetas fijas.<\/p>\n<p style=\"text-align: justify;\">\u201cYa no nos est\u00e1n controlando\u00bb, admiti\u00f3 uno de los vendedores ambulantes que ocupaba la avenida Cumavi el mi\u00e9rcoles. Por su parte, los comerciantes formales exigen un control m\u00e1s estricto para limitar la presencia de informales en horarios no permitidos.<\/p>\n<p style=\"text-align: justify;\">La falta de regulaci\u00f3n no solo complica el paso de los peatones, que deben sortear los obst\u00e1culos en las aceras y camellones, sino que tambi\u00e9n paraliza el tr\u00e1fico en una de las principales arterias de la zona.<\/p>\n<p style=\"text-align: justify;\">Los vecinos afectados denunciaron este hecho ante las autoridades municipales y pidieron que atiendan sus demandas. Jos\u00e9 Carlos Cu\u00e9llar, Secretario Municipal de Tr\u00e1nsito y Transporte indic\u00f3 que tras la denuncia y llamado de vecinos, pidi\u00f3 a la poblaci\u00f3n que cuando vayan a realizar sus compras se estacionen a dos o tres cuadras para no perjudicar a los dem\u00e1s.<\/p>\n<p style=\"text-align: justify;\">\u201cDesde hoy pondremos un punto fijo aqu\u00ed en la feria barrio lindo donde estaremos desde muy temprano haciendo los controles, adem\u00e1s en el abasto donde la gente concurre a realizar compras ya que buscamos es orden en la ciudad\u201d, indic\u00f3.<\/p>\n<p style=\"text-align: justify;\">Otro punto que suma al caos es el cierre a la circulaci\u00f3n del viaducto, que se construye en el cuarto anillo y Virgen de Cotoca, lo que satura las rutas alternativas para desviar.<\/p>\n","protected":false},"excerpt":{"rendered":"<p>El caos vehicular y peatonal en la avenida Cumavi, Tres Pasos Al Frente y Virgen de Cotoca entre el cuarto y quinto anillo, ha alcanzado niveles alarmantes debido a la ocupaci\u00f3n de espacios p\u00fablicos por vendedores ambulantes, conocidos como \u00abma\u00f1aneros\u00bb. A diferencia de otros meses, cuando solo se instalan algunas horas en la ma\u00f1ana, en [&hellip;]<\/p>\n","protected":false},"author":4,"featured_media":72445,"comment_status":"open","ping_status":"closed","sticky":false,"template":"","format":"standard","meta":{"footnotes":""},"categories":[49],"tags":[],"class_list":{"0":"post-72444","1":"post","2":"type-post","3":"status-publish","4":"format-standard","5":"has-post-thumbnail","7":"category-social"},"_links":{"self":[{"href":"https:\/\/jms.com.bo\/mediamonitor\/wp-json\/wp\/v2\/posts\/72444","targetHints":{"allow":["GET"]}}],"collection":[{"href":"https:\/\/jms.com.bo\/mediamonitor\/wp-json\/wp\/v2\/posts"}],"about":[{"href":"https:\/\/jms.com.bo\/mediamonitor\/wp-json\/wp\/v2\/types\/post"}],"author":[{"embeddable":true,"href":"https:\/\/jms.com.bo\/mediamonitor\/wp-json\/wp\/v2\/users\/4"}],"replies":[{"embeddable":true,"href":"https:\/\/jms.com.bo\/mediamonitor\/wp-json\/wp\/v2\/comments?post=72444"}],"version-history":[{"count":0,"href":"https:\/\/jms.com.bo\/mediamonitor\/wp-json\/wp\/v2\/posts\/72444\/revisions"}],"wp:featuredmedia":[{"embeddable":true,"href":"https:\/\/jms.com.bo\/mediamonitor\/wp-json\/wp\/v2\/media\/72445"}],"wp:attachment":[{"href":"https:\/\/jms.com.bo\/mediamonitor\/wp-json\/wp\/v2\/media?parent=72444"}],"wp:term":[{"taxonomy":"category","embeddable":true,"href":"https:\/\/jms.com.bo\/mediamonitor\/wp-json\/wp\/v2\/categories?post=72444"},{"taxonomy":"post_tag","embeddable":true,"href":"https:\/\/jms.com.bo\/mediamonitor\/wp-json\/wp\/v2\/tags?post=72444"}],"curies":[{"name":"wp","href":"https:\/\/api.w.org\/{rel}","templated":true}]}}