{"id":72446,"date":"2024-12-20T06:35:44","date_gmt":"2024-12-20T10:35:44","guid":{"rendered":"https:\/\/jms.com.bo\/mediamonitor\/2024\/12\/20\/industriales-reportan-172-dias-de-bloqueos-durante-el-ano-con-perdidas-millonarias\/"},"modified":"2024-12-20T06:35:44","modified_gmt":"2024-12-20T10:35:44","slug":"industriales-reportan-172-dias-de-bloqueos-durante-el-ano-con-perdidas-millonarias","status":"publish","type":"post","link":"https:\/\/jms.com.bo\/mediamonitor\/2024\/12\/20\/industriales-reportan-172-dias-de-bloqueos-durante-el-ano-con-perdidas-millonarias\/","title":{"rendered":"Industriales reportan 172 d\u00edas de bloqueos durante el a\u00f1o con p\u00e9rdidas millonarias"},"content":{"rendered":"<p style=\"text-align: justify;\">El presidente de la C\u00e1mara Nacional de Industrias (CNI), Pablo Camacho, dijo que en lo que va del a\u00f1o, el pa\u00eds soport\u00f3 m\u00e1s de 172 d\u00edas de bloqueos, que dej\u00f3 millonarias p\u00e9rdidas para el sector productivo del pa\u00eds.<\/p>\n<p style=\"text-align: justify;\">Seg\u00fan Camacho, solo el sector industrial perdi\u00f3 ya $us 1.000 millones producto de los bloqueos; adem\u00e1s de p\u00e9rdidas de mercados para la exportaci\u00f3n y clientes.<\/p>\n<p style=\"text-align: justify;\">\u201cHemos visto afectadas nuestras exportaciones por gran cantidad de bloqueos, el 2 de enero ya ten\u00edamos bloqueos. Hemos tenido m\u00e1s de 172 d\u00edas de acuerdo con el registro que tenemos; y m\u00e1s de $us 1.000 millones de afectaci\u00f3n a la industria\u201d, dijo Camacho en DTV.<\/p>\n<p style=\"text-align: justify;\">Asimismo, critic\u00f3 las medidas que asume el Gobierno como vetar las exportaciones, lo que afecta al sector productivo y exportador y deja una mala imagen del pa\u00eds.<\/p>\n<p style=\"text-align: justify;\">Camacho hizo referencia a la reciente decisi\u00f3n del Gobierno que fren\u00f3 las exportaciones de aceite durante 11 d\u00edas debido al desabastecimiento y elevado costo del producto en el mercado interno.<\/p>\n<p style=\"text-align: justify;\">Bloqueos<\/p>\n<p style=\"text-align: justify;\">\u201cY con las decisiones de vetar las exportaciones se da\u00f1a de manera irreversible la imagen del pa\u00eds, nos vemos como un pa\u00eds poco atractivo y poco amigable para las inversiones\u201d, complement\u00f3.<\/p>\n<p style=\"text-align: justify;\">Este a\u00f1o, el pa\u00eds sufri\u00f3 varios bloqueos. Transportistas, gremiales y afines al expresidente Evo Morales activaron esta medida como una forma de protesta por diversos motivos.<\/p>\n<p style=\"text-align: justify;\">El corte de v\u00edas del sector evista del Movimiento Al Socialismo (MAS) se prolong\u00f3 durante 24 d\u00edas, afectando la distribuci\u00f3n de combustibles, alimentos y generando millonarias p\u00e9rdidas para la econom\u00eda del pa\u00eds.<\/p>\n<p style=\"text-align: justify;\">Por esa medida, el Gobierno report\u00f3 que las p\u00e9rdidas para la econom\u00eda boliviana superaron los $us 2.000 millones. Adem\u00e1s, los sectores productivos informaron de enormes afectaciones, que a\u00fan traen consecuencias, principalmente en el abastecimiento de varios alimentos de la canasta familiar.<\/p>\n","protected":false},"excerpt":{"rendered":"<p>El presidente de la C\u00e1mara Nacional de Industrias (CNI), Pablo Camacho, dijo que en lo que va del a\u00f1o, el pa\u00eds soport\u00f3 m\u00e1s de 172 d\u00edas de bloqueos, que dej\u00f3 millonarias p\u00e9rdidas para el sector productivo del pa\u00eds. Seg\u00fan Camacho, solo el sector industrial perdi\u00f3 ya $us 1.000 millones producto de los bloqueos; adem\u00e1s de [&hellip;]<\/p>\n","protected":false},"author":4,"featured_media":72447,"comment_status":"open","ping_status":"closed","sticky":false,"template":"","format":"standard","meta":{"footnotes":""},"categories":[49],"tags":[],"class_list":{"0":"post-72446","1":"post","2":"type-post","3":"status-publish","4":"format-standard","5":"has-post-thumbnail","7":"category-social"},"_links":{"self":[{"href":"https:\/\/jms.com.bo\/mediamonitor\/wp-json\/wp\/v2\/posts\/72446","targetHints":{"allow":["GET"]}}],"collection":[{"href":"https:\/\/jms.com.bo\/mediamonitor\/wp-json\/wp\/v2\/posts"}],"about":[{"href":"https:\/\/jms.com.bo\/mediamonitor\/wp-json\/wp\/v2\/types\/post"}],"author":[{"embeddable":true,"href":"https:\/\/jms.com.bo\/mediamonitor\/wp-json\/wp\/v2\/users\/4"}],"replies":[{"embeddable":true,"href":"https:\/\/jms.com.bo\/mediamonitor\/wp-json\/wp\/v2\/comments?post=72446"}],"version-history":[{"count":0,"href":"https:\/\/jms.com.bo\/mediamonitor\/wp-json\/wp\/v2\/posts\/72446\/revisions"}],"wp:featuredmedia":[{"embeddable":true,"href":"https:\/\/jms.com.bo\/mediamonitor\/wp-json\/wp\/v2\/media\/72447"}],"wp:attachment":[{"href":"https:\/\/jms.com.bo\/mediamonitor\/wp-json\/wp\/v2\/media?parent=72446"}],"wp:term":[{"taxonomy":"category","embeddable":true,"href":"https:\/\/jms.com.bo\/mediamonitor\/wp-json\/wp\/v2\/categories?post=72446"},{"taxonomy":"post_tag","embeddable":true,"href":"https:\/\/jms.com.bo\/mediamonitor\/wp-json\/wp\/v2\/tags?post=72446"}],"curies":[{"name":"wp","href":"https:\/\/api.w.org\/{rel}","templated":true}]}}