{"id":72456,"date":"2024-12-20T06:44:46","date_gmt":"2024-12-20T10:44:46","guid":{"rendered":"https:\/\/jms.com.bo\/mediamonitor\/2024\/12\/20\/emiten-alerta-migratoria-contra-morales-del-castillo-dice-que-se-activara-en-las-proximas-horas\/"},"modified":"2024-12-20T06:44:46","modified_gmt":"2024-12-20T10:44:46","slug":"emiten-alerta-migratoria-contra-morales-del-castillo-dice-que-se-activara-en-las-proximas-horas","status":"publish","type":"post","link":"https:\/\/jms.com.bo\/mediamonitor\/2024\/12\/20\/emiten-alerta-migratoria-contra-morales-del-castillo-dice-que-se-activara-en-las-proximas-horas\/","title":{"rendered":"Emiten alerta migratoria contra Morales; Del Castillo dice que se activar\u00e1 en las pr\u00f3ximas horas"},"content":{"rendered":"<p style=\"text-align: justify;\">El Ministerio P\u00fablico emiti\u00f3 un requerimiento fiscal a la Direcci\u00f3n General de Migraci\u00f3n para activar la alerta migratoria contra el expresidente Evo Morales por el caso de trata de personas. Seg\u00fan el ministro de Gobierno, Eduardo Del Castillo, el registro se realizar\u00e1 a m\u00e1s tardar este jueves.<\/p>\n<p style=\"text-align: justify;\">\u201cSe ha presentado un requerimiento fiscal que ya fue puesto en conocimiento de la Direcci\u00f3n General de Migraci\u00f3n. Seguramente, hasta el d\u00eda de ma\u00f1ana se proceder\u00e1 al registro de la alerta migratoria. Vamos a dar cumplimiento a lo que determine la justicia boliviana, no vamos a dejar de hacer nuestro trabajo\u201d, afirm\u00f3.<\/p>\n<p style=\"text-align: justify;\">Respecto a la orden de aprehensi\u00f3n contra Morales, el ministro asegur\u00f3 que la Polic\u00eda dar\u00e1 cumplimiento, ya que la instituci\u00f3n no delibera, sino que acata las disposiciones emanadas por las autoridades competentes.<\/p>\n<p style=\"text-align: justify;\">El exmandatario enfrenta una imputaci\u00f3n y una orden de aprehensi\u00f3n por el delito de trata de personas con agravante, tras ser denunciado por presuntamente haber embarazado a una adolescente durante su mandato presidencial.<\/p>\n","protected":false},"excerpt":{"rendered":"<p>El Ministerio P\u00fablico emiti\u00f3 un requerimiento fiscal a la Direcci\u00f3n General de Migraci\u00f3n para activar la alerta migratoria contra el expresidente Evo Morales por el caso de trata de personas. Seg\u00fan el ministro de Gobierno, Eduardo Del Castillo, el registro se realizar\u00e1 a m\u00e1s tardar este jueves. \u201cSe ha presentado un requerimiento fiscal que ya [&hellip;]<\/p>\n","protected":false},"author":4,"featured_media":72457,"comment_status":"open","ping_status":"closed","sticky":false,"template":"","format":"standard","meta":{"footnotes":""},"categories":[18],"tags":[],"class_list":{"0":"post-72456","1":"post","2":"type-post","3":"status-publish","4":"format-standard","5":"has-post-thumbnail","7":"category-politica"},"_links":{"self":[{"href":"https:\/\/jms.com.bo\/mediamonitor\/wp-json\/wp\/v2\/posts\/72456","targetHints":{"allow":["GET"]}}],"collection":[{"href":"https:\/\/jms.com.bo\/mediamonitor\/wp-json\/wp\/v2\/posts"}],"about":[{"href":"https:\/\/jms.com.bo\/mediamonitor\/wp-json\/wp\/v2\/types\/post"}],"author":[{"embeddable":true,"href":"https:\/\/jms.com.bo\/mediamonitor\/wp-json\/wp\/v2\/users\/4"}],"replies":[{"embeddable":true,"href":"https:\/\/jms.com.bo\/mediamonitor\/wp-json\/wp\/v2\/comments?post=72456"}],"version-history":[{"count":0,"href":"https:\/\/jms.com.bo\/mediamonitor\/wp-json\/wp\/v2\/posts\/72456\/revisions"}],"wp:featuredmedia":[{"embeddable":true,"href":"https:\/\/jms.com.bo\/mediamonitor\/wp-json\/wp\/v2\/media\/72457"}],"wp:attachment":[{"href":"https:\/\/jms.com.bo\/mediamonitor\/wp-json\/wp\/v2\/media?parent=72456"}],"wp:term":[{"taxonomy":"category","embeddable":true,"href":"https:\/\/jms.com.bo\/mediamonitor\/wp-json\/wp\/v2\/categories?post=72456"},{"taxonomy":"post_tag","embeddable":true,"href":"https:\/\/jms.com.bo\/mediamonitor\/wp-json\/wp\/v2\/tags?post=72456"}],"curies":[{"name":"wp","href":"https:\/\/api.w.org\/{rel}","templated":true}]}}