{"id":72460,"date":"2024-12-20T06:51:41","date_gmt":"2024-12-20T10:51:41","guid":{"rendered":"https:\/\/jms.com.bo\/mediamonitor\/2024\/12\/20\/seguro-del-agro-recibira-a-partir-del-viernes-reportes-de-afectados-por-eventos-climaticos\/"},"modified":"2024-12-20T06:51:41","modified_gmt":"2024-12-20T10:51:41","slug":"seguro-del-agro-recibira-a-partir-del-viernes-reportes-de-afectados-por-eventos-climaticos","status":"publish","type":"post","link":"https:\/\/jms.com.bo\/mediamonitor\/2024\/12\/20\/seguro-del-agro-recibira-a-partir-del-viernes-reportes-de-afectados-por-eventos-climaticos\/","title":{"rendered":"Seguro del agro recibir\u00e1 a partir del viernes reportes de afectados por eventos clim\u00e1ticos"},"content":{"rendered":"<p style=\"text-align: justify;\">El Instituto del Seguro Agrario (INSA) recibir\u00e1 a partir del viernes los reportes de los productores registrados, que fueron afectados por los eventos clim\u00e1ticos, inform\u00f3 la directora de la entidad, Diana Rosales.<\/p>\n<p style=\"text-align: justify;\">\u201cEste seguro no solo protege a los agricultores frente a desastres naturales, sino que tambi\u00e9n fortalece la econom\u00eda rural, asegurando que las familias puedan recuperarse r\u00e1pidamente de las p\u00e9rdidas\u201d, explic\u00f3, citada en un bolet\u00edn institucional.<\/p>\n<p style=\"text-align: justify;\">Record\u00f3 que, para el inicio de la campa\u00f1a agr\u00edcola 2024 \u2013 2025 (2024 siembra y 2025 cosecha), el INSA registr\u00f3 a 96.003 productores agr\u00edcolas de 121 municipios del pa\u00eds, asegurando m\u00e1s de 119.555 hect\u00e1reas (ha) de cultivos de papa, aj\u00ed, alfalfa, arveja, avena, ca\u00f1ahua, cebada, cebolla, frejol, haba, ma\u00edz, quinua, trigo y yuca.<\/p>\n<p style=\"text-align: justify;\">Tras reafirmar el compromiso de trabajo del INSA con el sector agr\u00edcola, invit\u00f3 a los productores registrados en el seguro a reportar sus afectaciones por siniestros, para que un equipo t\u00e9cnico sea desplegado a las diferentes regiones del pa\u00eds a objeto de evaluar y verificar los da\u00f1os en cultivos.<\/p>\n<p style=\"text-align: justify;\">El Seguro Agrario Minka forma parte de las pol\u00edticas del Gobierno nacional para garantizar la sostenibilidad y seguridad alimentaria de las familias agricultoras. Este sistema de cobertura se enfoca principalmente en los peque\u00f1os productores, quienes constituyen la base de la producci\u00f3n agr\u00edcola en Bolivia.<\/p>\n","protected":false},"excerpt":{"rendered":"<p>El Instituto del Seguro Agrario (INSA) recibir\u00e1 a partir del viernes los reportes de los productores registrados, que fueron afectados por los eventos clim\u00e1ticos, inform\u00f3 la directora de la entidad, Diana Rosales. \u201cEste seguro no solo protege a los agricultores frente a desastres naturales, sino que tambi\u00e9n fortalece la econom\u00eda rural, asegurando que las familias [&hellip;]<\/p>\n","protected":false},"author":4,"featured_media":72461,"comment_status":"open","ping_status":"closed","sticky":false,"template":"","format":"standard","meta":{"footnotes":""},"categories":[25],"tags":[],"class_list":{"0":"post-72460","1":"post","2":"type-post","3":"status-publish","4":"format-standard","5":"has-post-thumbnail","7":"category-economia"},"_links":{"self":[{"href":"https:\/\/jms.com.bo\/mediamonitor\/wp-json\/wp\/v2\/posts\/72460","targetHints":{"allow":["GET"]}}],"collection":[{"href":"https:\/\/jms.com.bo\/mediamonitor\/wp-json\/wp\/v2\/posts"}],"about":[{"href":"https:\/\/jms.com.bo\/mediamonitor\/wp-json\/wp\/v2\/types\/post"}],"author":[{"embeddable":true,"href":"https:\/\/jms.com.bo\/mediamonitor\/wp-json\/wp\/v2\/users\/4"}],"replies":[{"embeddable":true,"href":"https:\/\/jms.com.bo\/mediamonitor\/wp-json\/wp\/v2\/comments?post=72460"}],"version-history":[{"count":0,"href":"https:\/\/jms.com.bo\/mediamonitor\/wp-json\/wp\/v2\/posts\/72460\/revisions"}],"wp:featuredmedia":[{"embeddable":true,"href":"https:\/\/jms.com.bo\/mediamonitor\/wp-json\/wp\/v2\/media\/72461"}],"wp:attachment":[{"href":"https:\/\/jms.com.bo\/mediamonitor\/wp-json\/wp\/v2\/media?parent=72460"}],"wp:term":[{"taxonomy":"category","embeddable":true,"href":"https:\/\/jms.com.bo\/mediamonitor\/wp-json\/wp\/v2\/categories?post=72460"},{"taxonomy":"post_tag","embeddable":true,"href":"https:\/\/jms.com.bo\/mediamonitor\/wp-json\/wp\/v2\/tags?post=72460"}],"curies":[{"name":"wp","href":"https:\/\/api.w.org\/{rel}","templated":true}]}}