{"id":72524,"date":"2024-12-24T06:40:13","date_gmt":"2024-12-24T10:40:13","guid":{"rendered":"https:\/\/jms.com.bo\/mediamonitor\/2024\/12\/24\/cae-parte-del-techo-de-una-sala-del-hospital-de-la-pampa-de-la-isla-sobre-una-paciente-intubada\/"},"modified":"2024-12-24T06:40:13","modified_gmt":"2024-12-24T10:40:13","slug":"cae-parte-del-techo-de-una-sala-del-hospital-de-la-pampa-de-la-isla-sobre-una-paciente-intubada","status":"publish","type":"post","link":"https:\/\/jms.com.bo\/mediamonitor\/2024\/12\/24\/cae-parte-del-techo-de-una-sala-del-hospital-de-la-pampa-de-la-isla-sobre-una-paciente-intubada\/","title":{"rendered":"Cae parte del techo de una sala del hospital de la Pampa de la Isla sobre una paciente intubada"},"content":{"rendered":"<p style=\"text-align: justify;\">La noche de este s\u00e1bado, parte del techo de la sala de cuidados intensivos del hospital de segundo nivel de la Pampa de la Isla, en Santa Cruz de la Sierra cay\u00f3 sobre una paciente que se encontraba intubada y con diagn\u00f3stico reservado.<\/p>\n<p style=\"text-align: justify;\">Sucedi\u00f3 tras las lluvias ca\u00eddas en pasados d\u00edas. Seg\u00fan los reportes preliminares, se presume que el agua acumulada en el techo gener\u00f3 deterioros.<\/p>\n<p style=\"text-align: justify;\">El concejal de Dem\u00f3cratas, Manuel Saavedra, inspeccion\u00f3 la unidad de cuidados intermedios.<\/p>\n<p style=\"text-align: justify;\">Tras la fiscalizaci\u00f3n, el legislador edil afirm\u00f3 que este hecho es una muestra del supuesto \u201cabandono\u201d de la Alcald\u00eda al sector de salud.<\/p>\n<p style=\"text-align: justify;\">En ese marco, dijo que no descarta impulsar acciones legales en contra del alcalde Jhonny Fern\u00e1ndez puesto que consider\u00f3 que se trata de un \u201catentado a la vida\u201d.<\/p>\n<p style=\"text-align: justify;\">La secretar\u00eda ejecutiva del Sirmes, Patricia Villca, se\u00f1al\u00f3 que los trabajadores de salud est\u00e1n \u201cmuy preocupados\u201d por esta situaci\u00f3n y por los pacientes que acuden a ese centro de salud.<\/p>\n<p style=\"text-align: justify;\">En ese contexto, dijo que no es un caso aislado puesto que tambi\u00e9n se evidenciaron huecos en el techo de la sala de quir\u00f3fano y la sala de esterilizaci\u00f3n, adem\u00e1s de cables expuestos al aire libre.<\/p>\n","protected":false},"excerpt":{"rendered":"<p>La noche de este s\u00e1bado, parte del techo de la sala de cuidados intensivos del hospital de segundo nivel de la Pampa de la Isla, en Santa Cruz de la Sierra cay\u00f3 sobre una paciente que se encontraba intubada y con diagn\u00f3stico reservado. Sucedi\u00f3 tras las lluvias ca\u00eddas en pasados d\u00edas. Seg\u00fan los reportes preliminares, [&hellip;]<\/p>\n","protected":false},"author":4,"featured_media":72525,"comment_status":"open","ping_status":"closed","sticky":false,"template":"","format":"standard","meta":{"footnotes":""},"categories":[49],"tags":[],"class_list":{"0":"post-72524","1":"post","2":"type-post","3":"status-publish","4":"format-standard","5":"has-post-thumbnail","7":"category-social"},"_links":{"self":[{"href":"https:\/\/jms.com.bo\/mediamonitor\/wp-json\/wp\/v2\/posts\/72524","targetHints":{"allow":["GET"]}}],"collection":[{"href":"https:\/\/jms.com.bo\/mediamonitor\/wp-json\/wp\/v2\/posts"}],"about":[{"href":"https:\/\/jms.com.bo\/mediamonitor\/wp-json\/wp\/v2\/types\/post"}],"author":[{"embeddable":true,"href":"https:\/\/jms.com.bo\/mediamonitor\/wp-json\/wp\/v2\/users\/4"}],"replies":[{"embeddable":true,"href":"https:\/\/jms.com.bo\/mediamonitor\/wp-json\/wp\/v2\/comments?post=72524"}],"version-history":[{"count":0,"href":"https:\/\/jms.com.bo\/mediamonitor\/wp-json\/wp\/v2\/posts\/72524\/revisions"}],"wp:featuredmedia":[{"embeddable":true,"href":"https:\/\/jms.com.bo\/mediamonitor\/wp-json\/wp\/v2\/media\/72525"}],"wp:attachment":[{"href":"https:\/\/jms.com.bo\/mediamonitor\/wp-json\/wp\/v2\/media?parent=72524"}],"wp:term":[{"taxonomy":"category","embeddable":true,"href":"https:\/\/jms.com.bo\/mediamonitor\/wp-json\/wp\/v2\/categories?post=72524"},{"taxonomy":"post_tag","embeddable":true,"href":"https:\/\/jms.com.bo\/mediamonitor\/wp-json\/wp\/v2\/tags?post=72524"}],"curies":[{"name":"wp","href":"https:\/\/api.w.org\/{rel}","templated":true}]}}