{"id":72526,"date":"2024-12-24T06:41:21","date_gmt":"2024-12-24T10:41:21","guid":{"rendered":"https:\/\/jms.com.bo\/mediamonitor\/2024\/12\/24\/protestas-por-aceite-en-cochabamba\/"},"modified":"2024-12-24T06:41:21","modified_gmt":"2024-12-24T10:41:21","slug":"protestas-por-aceite-en-cochabamba","status":"publish","type":"post","link":"https:\/\/jms.com.bo\/mediamonitor\/2024\/12\/24\/protestas-por-aceite-en-cochabamba\/","title":{"rendered":"Protestas por aceite en Cochabamba"},"content":{"rendered":"<p style=\"text-align: justify;\">Un grupo de personas que, desde la madrugada del lunes, hicieron fila en el supermercado EMAPA en b\u00fasqueda de aceite, decidieron instalar una protesta en las oficinas de la Empresa de Apoyo a la Producci\u00f3n de Alimentos, por la falta de ese producto.<\/p>\n<p style=\"text-align: justify;\">Un ama de casa relataba que hab\u00edan anunciado que se iba a vender ese producto, pero que despu\u00e9s de horas de hacer fila, un polic\u00eda sali\u00f3 a anunciarles que no vender\u00edan aceite.<\/p>\n<p style=\"text-align: justify;\">Un panorama parecido ocurri\u00f3 la semana pasada en inmediaciones de la Estaci\u00f3n Central de la ciudad de La Paz, donde se hab\u00eda anunciado la instalaci\u00f3n de una feria en la que habr\u00eda aceite y otros productos a nivel nacional. En esa jornada, la polic\u00eda intervino para levantar un bloqueo que se hab\u00eda instalado.<\/p>\n<p style=\"text-align: justify;\">Recordemos que el aceite vegetal pas\u00f3 de Bs. 11 el litro hasta 20. En un recorrido realizado por La Raz\u00f3n en el mercado Rodr\u00edguez de La Paz, se constat\u00f3 que el gal\u00f3n de 5 litros de aceite se estaba vendiendo a Bs. 65. Despu\u00e9s de 11 d\u00edas de restricciones, el gobierno decidi\u00f3 levantar el veto a las exportaciones del aceite vegetal, para lograr garantizar el suministro y precio de ese producto en los mercados nacionales.<\/p>\n","protected":false},"excerpt":{"rendered":"<p>Un grupo de personas que, desde la madrugada del lunes, hicieron fila en el supermercado EMAPA en b\u00fasqueda de aceite, decidieron instalar una protesta en las oficinas de la Empresa de Apoyo a la Producci\u00f3n de Alimentos, por la falta de ese producto. Un ama de casa relataba que hab\u00edan anunciado que se iba a [&hellip;]<\/p>\n","protected":false},"author":4,"featured_media":72527,"comment_status":"open","ping_status":"closed","sticky":false,"template":"","format":"standard","meta":{"footnotes":""},"categories":[49],"tags":[],"class_list":{"0":"post-72526","1":"post","2":"type-post","3":"status-publish","4":"format-standard","5":"has-post-thumbnail","7":"category-social"},"_links":{"self":[{"href":"https:\/\/jms.com.bo\/mediamonitor\/wp-json\/wp\/v2\/posts\/72526","targetHints":{"allow":["GET"]}}],"collection":[{"href":"https:\/\/jms.com.bo\/mediamonitor\/wp-json\/wp\/v2\/posts"}],"about":[{"href":"https:\/\/jms.com.bo\/mediamonitor\/wp-json\/wp\/v2\/types\/post"}],"author":[{"embeddable":true,"href":"https:\/\/jms.com.bo\/mediamonitor\/wp-json\/wp\/v2\/users\/4"}],"replies":[{"embeddable":true,"href":"https:\/\/jms.com.bo\/mediamonitor\/wp-json\/wp\/v2\/comments?post=72526"}],"version-history":[{"count":0,"href":"https:\/\/jms.com.bo\/mediamonitor\/wp-json\/wp\/v2\/posts\/72526\/revisions"}],"wp:featuredmedia":[{"embeddable":true,"href":"https:\/\/jms.com.bo\/mediamonitor\/wp-json\/wp\/v2\/media\/72527"}],"wp:attachment":[{"href":"https:\/\/jms.com.bo\/mediamonitor\/wp-json\/wp\/v2\/media?parent=72526"}],"wp:term":[{"taxonomy":"category","embeddable":true,"href":"https:\/\/jms.com.bo\/mediamonitor\/wp-json\/wp\/v2\/categories?post=72526"},{"taxonomy":"post_tag","embeddable":true,"href":"https:\/\/jms.com.bo\/mediamonitor\/wp-json\/wp\/v2\/tags?post=72526"}],"curies":[{"name":"wp","href":"https:\/\/api.w.org\/{rel}","templated":true}]}}