{"id":72528,"date":"2024-12-24T06:42:51","date_gmt":"2024-12-24T10:42:51","guid":{"rendered":"https:\/\/jms.com.bo\/mediamonitor\/2024\/12\/24\/la-fedjuve-anuncia-protestas-contra-alza-de-alimentos\/"},"modified":"2024-12-24T06:42:51","modified_gmt":"2024-12-24T10:42:51","slug":"la-fedjuve-anuncia-protestas-contra-alza-de-alimentos","status":"publish","type":"post","link":"https:\/\/jms.com.bo\/mediamonitor\/2024\/12\/24\/la-fedjuve-anuncia-protestas-contra-alza-de-alimentos\/","title":{"rendered":"La Fedjuve anuncia protestas contra alza de alimentos"},"content":{"rendered":"<p style=\"text-align: justify;\">Las dirigencias barriales en distintos departamentos se organizan para movilizarse conjuntamente en demanda de que el Gobierno Nacional ejecute medidas para evitar que siga subiendo el precio de los productos b\u00e1sicos de la canasta familiar. Se prev\u00e9 que dichas protestas podr\u00edan arrancar en enero, posterior a las fiestas de fin de a\u00f1o.<\/p>\n<p style=\"text-align: justify;\">El presidente de la Federaci\u00f3n Departamental de Juntas Vecinales (Fedjuve), Celestino Barro, lament\u00f3 que en los \u00faltimos d\u00edas se haya registrado incrementos considerables en productos como la carne de res, el arroz y el aceite, que son de primera necesidad.<\/p>\n<p style=\"text-align: justify;\">\u201cLa situaci\u00f3n castiga especialmente a la gente m\u00e1s humilde. La canasta de alimentos se ha disparado en los mercados (\u2026) El Gobierno tendr\u00eda que hacer pol\u00edticas para resolver esa situaci\u00f3n en todo el pa\u00eds\u201d, asever\u00f3.<\/p>\n<p style=\"text-align: justify;\">Sobre las movilizaciones, indic\u00f3 que actualmente existe un di\u00e1logo entre la dirigencia de varios departamentos para coordinar una medida que se lleve adelante a nivel nacional el mismo d\u00eda.<\/p>\n<p style=\"text-align: justify;\">Barro tambi\u00e9n critic\u00f3 la pol\u00edtica gubernamental para la comercializaci\u00f3n de alimentos a trav\u00e9s de Emapa. Sin embargo, desde el Ejecutivo sostienen que su estrategia de distribuci\u00f3n tiene el objetivo de combatir la especulaci\u00f3n.<\/p>\n","protected":false},"excerpt":{"rendered":"<p>Las dirigencias barriales en distintos departamentos se organizan para movilizarse conjuntamente en demanda de que el Gobierno Nacional ejecute medidas para evitar que siga subiendo el precio de los productos b\u00e1sicos de la canasta familiar. Se prev\u00e9 que dichas protestas podr\u00edan arrancar en enero, posterior a las fiestas de fin de a\u00f1o. El presidente de [&hellip;]<\/p>\n","protected":false},"author":4,"featured_media":72529,"comment_status":"open","ping_status":"closed","sticky":false,"template":"","format":"standard","meta":{"footnotes":""},"categories":[49],"tags":[],"class_list":{"0":"post-72528","1":"post","2":"type-post","3":"status-publish","4":"format-standard","5":"has-post-thumbnail","7":"category-social"},"_links":{"self":[{"href":"https:\/\/jms.com.bo\/mediamonitor\/wp-json\/wp\/v2\/posts\/72528","targetHints":{"allow":["GET"]}}],"collection":[{"href":"https:\/\/jms.com.bo\/mediamonitor\/wp-json\/wp\/v2\/posts"}],"about":[{"href":"https:\/\/jms.com.bo\/mediamonitor\/wp-json\/wp\/v2\/types\/post"}],"author":[{"embeddable":true,"href":"https:\/\/jms.com.bo\/mediamonitor\/wp-json\/wp\/v2\/users\/4"}],"replies":[{"embeddable":true,"href":"https:\/\/jms.com.bo\/mediamonitor\/wp-json\/wp\/v2\/comments?post=72528"}],"version-history":[{"count":0,"href":"https:\/\/jms.com.bo\/mediamonitor\/wp-json\/wp\/v2\/posts\/72528\/revisions"}],"wp:featuredmedia":[{"embeddable":true,"href":"https:\/\/jms.com.bo\/mediamonitor\/wp-json\/wp\/v2\/media\/72529"}],"wp:attachment":[{"href":"https:\/\/jms.com.bo\/mediamonitor\/wp-json\/wp\/v2\/media?parent=72528"}],"wp:term":[{"taxonomy":"category","embeddable":true,"href":"https:\/\/jms.com.bo\/mediamonitor\/wp-json\/wp\/v2\/categories?post=72528"},{"taxonomy":"post_tag","embeddable":true,"href":"https:\/\/jms.com.bo\/mediamonitor\/wp-json\/wp\/v2\/tags?post=72528"}],"curies":[{"name":"wp","href":"https:\/\/api.w.org\/{rel}","templated":true}]}}