{"id":72530,"date":"2024-12-24T06:43:51","date_gmt":"2024-12-24T10:43:51","guid":{"rendered":"https:\/\/jms.com.bo\/mediamonitor\/2024\/12\/24\/gobierno-ordena-horario-continuo-para-los-martes-24-y-31-y-confirma-feriados-de-navidad-y-ano-nuevo\/"},"modified":"2024-12-24T06:43:51","modified_gmt":"2024-12-24T10:43:51","slug":"gobierno-ordena-horario-continuo-para-los-martes-24-y-31-y-confirma-feriados-de-navidad-y-ano-nuevo","status":"publish","type":"post","link":"https:\/\/jms.com.bo\/mediamonitor\/2024\/12\/24\/gobierno-ordena-horario-continuo-para-los-martes-24-y-31-y-confirma-feriados-de-navidad-y-ano-nuevo\/","title":{"rendered":"Gobierno ordena horario continuo para los martes 24 y 31 y confirma feriados de Navidad y A\u00f1o Nuevo"},"content":{"rendered":"<p style=\"text-align: justify;\">A trav\u00e9s de un comunicado, el Ministerio de Trabajo orden\u00f3 horario continuo para las jornadas laborales de los martes 24 y 31 de diciembre, mientras que confirm\u00f3 los feriados de Navidad y A\u00f1o Nuevo para los mi\u00e9rcoles 25 de diciembre y 1 de enero de 2025.<\/p>\n<p style=\"text-align: justify;\">El comunicado fue difundido este lunes por el Ministerio de Trabajo, ante la proximidad de las fiestas de fin de a\u00f1o.<\/p>\n<p style=\"text-align: justify;\">\u201cRespecto de los d\u00edas martes 24 y 31 de diciembre de la presente gesti\u00f3n se dispone de forma excepcional jornada continua de trabajo, hasta Hrs. 13:00, para la administraci\u00f3n p\u00fablica a nivel nacional. Las empresas o establecimientos laborales del sector privado, deber\u00e1n adecuar esta determinaci\u00f3n por acuerdo entre partes considerando sus modalidades de trabajo\u201d, se lee en el comunicado.<\/p>\n<p style=\"text-align: justify;\">Adem\u00e1s, el Ministerio de Trabajo advirti\u00f3 que esta determinaci\u00f3n es de cumplimiento obligatorio, conforme a lo establecido en el par\u00e1grafo I del art\u00edculo 48 de la Constituci\u00f3n Pol\u00edtica del Estado.<\/p>\n<p style=\"text-align: justify;\">\u201cConforme establece el Decreto Supremo N\u00b0 2750 de 1\u00b0 de mayo de 2016, modificado por el Decreto Supremo N\u00b0 5019 del 13 de septiembre de 2023, los d\u00edas mi\u00e9rcoles 25 de diciembre de 2024 y mi\u00e9rcoles 1eo de enero de 2025, se constituyen en feriados nacionales con suspensi\u00f3n de actividades p\u00fablicas y privadas en todo el territorio del Estado Plurinacional de Bolivia\u201d. se indica en el comunicado del Ministerio de Trabajo respecto a los feriados.<\/p>\n","protected":false},"excerpt":{"rendered":"<p>A trav\u00e9s de un comunicado, el Ministerio de Trabajo orden\u00f3 horario continuo para las jornadas laborales de los martes 24 y 31 de diciembre, mientras que confirm\u00f3 los feriados de Navidad y A\u00f1o Nuevo para los mi\u00e9rcoles 25 de diciembre y 1 de enero de 2025. El comunicado fue difundido este lunes por el Ministerio [&hellip;]<\/p>\n","protected":false},"author":4,"featured_media":72531,"comment_status":"open","ping_status":"closed","sticky":false,"template":"","format":"standard","meta":{"footnotes":""},"categories":[20],"tags":[],"class_list":{"0":"post-72530","1":"post","2":"type-post","3":"status-publish","4":"format-standard","5":"has-post-thumbnail","7":"category-actualidad"},"_links":{"self":[{"href":"https:\/\/jms.com.bo\/mediamonitor\/wp-json\/wp\/v2\/posts\/72530","targetHints":{"allow":["GET"]}}],"collection":[{"href":"https:\/\/jms.com.bo\/mediamonitor\/wp-json\/wp\/v2\/posts"}],"about":[{"href":"https:\/\/jms.com.bo\/mediamonitor\/wp-json\/wp\/v2\/types\/post"}],"author":[{"embeddable":true,"href":"https:\/\/jms.com.bo\/mediamonitor\/wp-json\/wp\/v2\/users\/4"}],"replies":[{"embeddable":true,"href":"https:\/\/jms.com.bo\/mediamonitor\/wp-json\/wp\/v2\/comments?post=72530"}],"version-history":[{"count":0,"href":"https:\/\/jms.com.bo\/mediamonitor\/wp-json\/wp\/v2\/posts\/72530\/revisions"}],"wp:featuredmedia":[{"embeddable":true,"href":"https:\/\/jms.com.bo\/mediamonitor\/wp-json\/wp\/v2\/media\/72531"}],"wp:attachment":[{"href":"https:\/\/jms.com.bo\/mediamonitor\/wp-json\/wp\/v2\/media?parent=72530"}],"wp:term":[{"taxonomy":"category","embeddable":true,"href":"https:\/\/jms.com.bo\/mediamonitor\/wp-json\/wp\/v2\/categories?post=72530"},{"taxonomy":"post_tag","embeddable":true,"href":"https:\/\/jms.com.bo\/mediamonitor\/wp-json\/wp\/v2\/tags?post=72530"}],"curies":[{"name":"wp","href":"https:\/\/api.w.org\/{rel}","templated":true}]}}