{"id":74437,"date":"2025-02-25T07:20:00","date_gmt":"2025-02-25T11:20:00","guid":{"rendered":"https:\/\/jms.com.bo\/mediamonitor\/2025\/02\/25\/reyes-villa-presentara-el-primer-bus-electrico-y-transportistas-podran-hacer-pruebas\/"},"modified":"2025-02-25T07:20:00","modified_gmt":"2025-02-25T11:20:00","slug":"reyes-villa-presentara-el-primer-bus-electrico-y-transportistas-podran-hacer-pruebas","status":"publish","type":"post","link":"https:\/\/jms.com.bo\/mediamonitor\/2025\/02\/25\/reyes-villa-presentara-el-primer-bus-electrico-y-transportistas-podran-hacer-pruebas\/","title":{"rendered":"Reyes Villa presentar\u00e1 el primer bus el\u00e9ctrico y transportistas podr\u00e1n hacer pruebas"},"content":{"rendered":"<p style=\"text-align: justify;\">El alcalde Manfred Reyes Villa anunci\u00f3 este lunes que la pr\u00f3xima semana se presentar\u00e1 el primer bus el\u00e9ctrico en la ciudad de Cochabamba y, en su criterio, el hecho marcar\u00e1 un hito en la transici\u00f3n hacia un parque automotor m\u00e1s sostenible en el municipio.<\/p>\n<p style=\"text-align: justify;\">\u201cEs el primer bus el\u00e9ctrico que lleg\u00f3 a Bolivia y est\u00e1 aqu\u00ed en Cochabamba. Esta semana se est\u00e1 haciendo la limpieza y ultimando los detalles para presentarlo (\u2026) a la poblaci\u00f3n. Tambi\u00e9n los transportistas lo conocer\u00e1n\u201d, se\u00f1al\u00f3 el alcalde.<\/p>\n<p style=\"text-align: justify;\">La autoridad destac\u00f3 que los transportistas tendr\u00e1n la oportunidad de conocer las ventajas, caracter\u00edsticas y, lo m\u00e1s importante, el ahorro que implica operar un bus el\u00e9ctrico. Adem\u00e1s, inform\u00f3 que se desarrollar\u00e1 un cronograma para que los distintos sindicatos de transporte puedan conocer y familiarizarse con el veh\u00edculo.<\/p>\n<p style=\"text-align: justify;\">\u201cSi la poblaci\u00f3n est\u00e1 de acuerdo, vamos a traer aqu\u00ed la ensambladora de buses para distribuirlos a Tarija, Santa Cruz y otros departamentos hermanos\u201d, agreg\u00f3 Reyes Villa.<\/p>\n<p style=\"text-align: justify;\">En julio de 2023, el alcalde present\u00f3 un modelo a los transportistas del servicio p\u00fablico; sin embargo, \u00e9stos hicieron algunas observaciones, raz\u00f3n por la que la empresa que proveer\u00e1 los veh\u00edculos trabaj\u00f3 en uno acorde a las sugerencias.<\/p>\n<p style=\"text-align: justify;\">El prototipo del primer bus el\u00e9ctrico tendr\u00e1 capacidad para 26 pasajeros y recorrer\u00e1 hasta 150 kil\u00f3metros en un solo trayecto.<\/p>\n<p style=\"text-align: justify;\">Reyes Villa hab\u00eda anunciado en pasados meses que, de consolidarse este proyecto, la Alcald\u00eda instalar\u00e1 diferentes puntos de carga en zonas estrat\u00e9gicas.<\/p>\n<p style=\"text-align: justify;\">El proyecto de buses el\u00e9ctricos surge despu\u00e9s de varios accidentes protagonizados por micros que datan de hace m\u00e1s de 50 a\u00f1os.<\/p>\n","protected":false},"excerpt":{"rendered":"<p>El alcalde Manfred Reyes Villa anunci\u00f3 este lunes que la pr\u00f3xima semana se presentar\u00e1 el primer bus el\u00e9ctrico en la ciudad de Cochabamba y, en su criterio, el hecho marcar\u00e1 un hito en la transici\u00f3n hacia un parque automotor m\u00e1s sostenible en el municipio. \u201cEs el primer bus el\u00e9ctrico que lleg\u00f3 a Bolivia y est\u00e1 [&hellip;]<\/p>\n","protected":false},"author":4,"featured_media":74438,"comment_status":"open","ping_status":"closed","sticky":false,"template":"","format":"standard","meta":{"footnotes":""},"categories":[39],"tags":[],"class_list":{"0":"post-74437","1":"post","2":"type-post","3":"status-publish","4":"format-standard","5":"has-post-thumbnail","7":"category-energia"},"_links":{"self":[{"href":"https:\/\/jms.com.bo\/mediamonitor\/wp-json\/wp\/v2\/posts\/74437","targetHints":{"allow":["GET"]}}],"collection":[{"href":"https:\/\/jms.com.bo\/mediamonitor\/wp-json\/wp\/v2\/posts"}],"about":[{"href":"https:\/\/jms.com.bo\/mediamonitor\/wp-json\/wp\/v2\/types\/post"}],"author":[{"embeddable":true,"href":"https:\/\/jms.com.bo\/mediamonitor\/wp-json\/wp\/v2\/users\/4"}],"replies":[{"embeddable":true,"href":"https:\/\/jms.com.bo\/mediamonitor\/wp-json\/wp\/v2\/comments?post=74437"}],"version-history":[{"count":0,"href":"https:\/\/jms.com.bo\/mediamonitor\/wp-json\/wp\/v2\/posts\/74437\/revisions"}],"wp:featuredmedia":[{"embeddable":true,"href":"https:\/\/jms.com.bo\/mediamonitor\/wp-json\/wp\/v2\/media\/74438"}],"wp:attachment":[{"href":"https:\/\/jms.com.bo\/mediamonitor\/wp-json\/wp\/v2\/media?parent=74437"}],"wp:term":[{"taxonomy":"category","embeddable":true,"href":"https:\/\/jms.com.bo\/mediamonitor\/wp-json\/wp\/v2\/categories?post=74437"},{"taxonomy":"post_tag","embeddable":true,"href":"https:\/\/jms.com.bo\/mediamonitor\/wp-json\/wp\/v2\/tags?post=74437"}],"curies":[{"name":"wp","href":"https:\/\/api.w.org\/{rel}","templated":true}]}}