{"id":74448,"date":"2025-02-25T07:30:11","date_gmt":"2025-02-25T11:30:11","guid":{"rendered":"https:\/\/jms.com.bo\/mediamonitor\/2025\/02\/25\/vuelven-las-filas-por-diesel-y-el-transporte-pesado-advierte-con-movilizaciones\/"},"modified":"2025-02-25T07:30:11","modified_gmt":"2025-02-25T11:30:11","slug":"vuelven-las-filas-por-diesel-y-el-transporte-pesado-advierte-con-movilizaciones","status":"publish","type":"post","link":"https:\/\/jms.com.bo\/mediamonitor\/2025\/02\/25\/vuelven-las-filas-por-diesel-y-el-transporte-pesado-advierte-con-movilizaciones\/","title":{"rendered":"Vuelven las filas por di\u00e9sel y el transporte pesado advierte con movilizaciones"},"content":{"rendered":"<p style=\"text-align: justify;\">Las filas por di\u00e9sel se ven nuevamente en varias estaciones de servicio del pa\u00eds y el transporte pesado reclama por el \u201cincumplimiento\u201d del Gobierno de los compromisos asumidos el a\u00f1o pasado, por lo que advierte con movilizarse.<\/p>\n<p style=\"text-align: justify;\">Desde el fin de semana, las estaciones de servicio del eje central nuevamente se llenaron de veh\u00edculos de transporte pesado y buses que realizan viajes interdepartamentales e internacionales. Los choferes se quejaron de que deben esperar horas para poder cargar di\u00e9sel e incluso redujeron la frecuencia de sus viajes debido a la escasez.<\/p>\n<p style=\"text-align: justify;\">Si bien la venta de gasolina es normal, no ocurre lo mismo con el di\u00e9sel, particularmente en La Paz, Cochabamba y Santa Cruz.<\/p>\n<p style=\"text-align: justify;\">El dirigente del transporte pesado del pa\u00eds, Hugo Ramos, confirm\u00f3 que nuevamente hay escasez de di\u00e9sel en el pa\u00eds y lament\u00f3 el \u201cincumplimiento\u201d del Gobierno a los acuerdos firmados el 25 de julio del a\u00f1o pasado.<\/p>\n<p style=\"text-align: justify;\">Di\u00e9sel<\/p>\n<p style=\"text-align: justify;\">Asimismo, advirti\u00f3 que, si el Gobierno no cumple esos acuerdos y garantiza el combustible para ese sector, activar\u00e1n movilizaciones en todo el pa\u00eds.<\/p>\n<p style=\"text-align: justify;\">\u201cLamentablemente, la fila de combustible en vez de mejorar ha empeorado; estamos durmiendo d\u00edas por conseguir combustible, es por esto vamos a pedir a los representantes del Estado que han estado presentes en la reuni\u00f3n el 25 de julio que cumplan los 12 puntos. Caso contrario vamos a romper ese acuerdo y vamos a entrar en movilizaciones\u201d, dijo Ramos a los medios de comunicaci\u00f3n.<\/p>\n<p style=\"text-align: justify;\">El ejecutivo dijo que su gremio envi\u00f3 una carta al director de la Agencia Nacional de Hidrocarburos (ANH), Germ\u00e1n Jim\u00e9nez, para solicitarle una audiencia y realizar una nueva tabla de consumo para el transporte que viaja a Per\u00fa y otros pa\u00edses vecinos.<\/p>\n<p style=\"text-align: justify;\">\u201cEl transportista ha agotado todas las instancias correspondientes\u201d, se quej\u00f3.<\/p>\n<p style=\"text-align: justify;\">Al respecto, el dirigente Juan Yujra afirm\u00f3 que la situaci\u00f3n es insostenible. \u201cLa subvenci\u00f3n le est\u00e1 trayendo problemas al Gobierno, est\u00e1 desviando al contrabando, la escasez, la mala calidad de combustible, todo eso est\u00e1 generando y no hay qui\u00e9n se pronuncie sobre estos temas\u201d, indic\u00f3 en Unitel.<\/p>\n<p style=\"text-align: justify;\">Yujra afirm\u00f3 que sus viajes redujeron y algunos transportistas incluso vendieron sus veh\u00edculos. \u201cLo poquito que ganamos tenemos que invertir en la comida. A la semana hacemos un viaje, al mes cuatro viajes\u201d, afirm\u00f3.<\/p>\n<p style=\"text-align: justify;\">Ninguna autoridad de Gobierno se manifest\u00f3 a\u00fan respecto a las filas y la escasez de di\u00e9sel.<\/p>\n","protected":false},"excerpt":{"rendered":"<p>Las filas por di\u00e9sel se ven nuevamente en varias estaciones de servicio del pa\u00eds y el transporte pesado reclama por el \u201cincumplimiento\u201d del Gobierno de los compromisos asumidos el a\u00f1o pasado, por lo que advierte con movilizarse. Desde el fin de semana, las estaciones de servicio del eje central nuevamente se llenaron de veh\u00edculos de [&hellip;]<\/p>\n","protected":false},"author":4,"featured_media":74449,"comment_status":"open","ping_status":"closed","sticky":false,"template":"","format":"standard","meta":{"footnotes":""},"categories":[40,23,48,43],"tags":[],"class_list":{"0":"post-74448","1":"post","2":"type-post","3":"status-publish","4":"format-standard","5":"has-post-thumbnail","7":"category-bolivia","8":"category-hidrocarburos","9":"category-portada-general-sitio","10":"category-portada-oil-gas"},"_links":{"self":[{"href":"https:\/\/jms.com.bo\/mediamonitor\/wp-json\/wp\/v2\/posts\/74448","targetHints":{"allow":["GET"]}}],"collection":[{"href":"https:\/\/jms.com.bo\/mediamonitor\/wp-json\/wp\/v2\/posts"}],"about":[{"href":"https:\/\/jms.com.bo\/mediamonitor\/wp-json\/wp\/v2\/types\/post"}],"author":[{"embeddable":true,"href":"https:\/\/jms.com.bo\/mediamonitor\/wp-json\/wp\/v2\/users\/4"}],"replies":[{"embeddable":true,"href":"https:\/\/jms.com.bo\/mediamonitor\/wp-json\/wp\/v2\/comments?post=74448"}],"version-history":[{"count":0,"href":"https:\/\/jms.com.bo\/mediamonitor\/wp-json\/wp\/v2\/posts\/74448\/revisions"}],"wp:featuredmedia":[{"embeddable":true,"href":"https:\/\/jms.com.bo\/mediamonitor\/wp-json\/wp\/v2\/media\/74449"}],"wp:attachment":[{"href":"https:\/\/jms.com.bo\/mediamonitor\/wp-json\/wp\/v2\/media?parent=74448"}],"wp:term":[{"taxonomy":"category","embeddable":true,"href":"https:\/\/jms.com.bo\/mediamonitor\/wp-json\/wp\/v2\/categories?post=74448"},{"taxonomy":"post_tag","embeddable":true,"href":"https:\/\/jms.com.bo\/mediamonitor\/wp-json\/wp\/v2\/tags?post=74448"}],"curies":[{"name":"wp","href":"https:\/\/api.w.org\/{rel}","templated":true}]}}