{"id":74451,"date":"2025-02-26T07:06:52","date_gmt":"2025-02-26T11:06:52","guid":{"rendered":"https:\/\/jms.com.bo\/mediamonitor\/2025\/02\/26\/productores-interculturales-advierten-con-bloqueos-si-gobierno-no-levanta-veto-a-la-exportacion-de-soya\/"},"modified":"2025-02-26T07:06:52","modified_gmt":"2025-02-26T11:06:52","slug":"productores-interculturales-advierten-con-bloqueos-si-gobierno-no-levanta-veto-a-la-exportacion-de-soya","status":"publish","type":"post","link":"https:\/\/jms.com.bo\/mediamonitor\/2025\/02\/26\/productores-interculturales-advierten-con-bloqueos-si-gobierno-no-levanta-veto-a-la-exportacion-de-soya\/","title":{"rendered":"Productores interculturales advierten con bloqueos si Gobierno no levanta veto a la exportaci\u00f3n de soya"},"content":{"rendered":"<p style=\"text-align: justify;\">La Confederaci\u00f3n Sindical de Comunidades Interculturales Originarias de Bolivia advirti\u00f3 que bloquear\u00e1 caminos entre Santa Cruz y Beni si el Gobierno no levanta el veto a la exportaci\u00f3n de soya, entre otras demandas. Este lunes dio 48 horas para atender sus pedidos.<\/p>\n<p style=\"text-align: justify;\">\u201cDe no cumplirse la presente resoluci\u00f3n dentro de 48 horas la Confederaci\u00f3n Sindical de Comunidades Interculturales Originarias de Bolivia, en coordinaci\u00f3n con las federaciones departamentales y regionales nos declaramos en bloqueo nacional de carreteras de manera indefinida\u201d, se lee en uno de los puntos de la resoluci\u00f3n decidida la noche de este lunes, inform\u00f3 Unitel.<\/p>\n<p style=\"text-align: justify;\">La Federaci\u00f3n Especial de Comunidades Interculturales Productores Agropecuarios San Juli\u00e1n Norte hab\u00eda decidido iniciar hoy el bloqueo en la ruta que conecta Santa Cruz con Beni y la Chiquitan\u00eda; sin embargo, la medida fue postergada por la determinaci\u00f3n de la confederaci\u00f3n.<\/p>\n<p style=\"text-align: justify;\">Los campesinos tomaron esta decisi\u00f3n para dar tiempo a que las autoridades del sector atiendan sus demandas. El plazo vence el mi\u00e9rcoles al mediod\u00eda.<\/p>\n<p style=\"text-align: justify;\">\u201cLa decisi\u00f3n de posponer el bloqueo se tom\u00f3 en conjunto con la dirigencia nacional, departamental y regional, pese al mandato de la Asamblea de San Juli\u00e1n del 19 de febrero de iniciar la medida de presi\u00f3n\u201d, explic\u00f3 el secretario ejecutivo de la federaci\u00f3n.<\/p>\n<p style=\"text-align: justify;\">Carrasco explic\u00f3 que el principal pedido del sector es que se libere la exportaci\u00f3n de soya, ya que existe el riesgo que los precios se desplomen debido a la sobreoferta del producto en el mercado nacional.<\/p>\n<p style=\"text-align: justify;\">Carrasco indic\u00f3 que la principal demanda del sector es la liberaci\u00f3n de la exportaci\u00f3n de soya, ya que existe el riesgo de que los precios caigan debido a la sobreoferta en el mercado nacional.<\/p>\n<p style=\"text-align: justify;\">Adem\u00e1s, se exige el abastecimiento de di\u00e9sel, la regularizaci\u00f3n de tierras y atenci\u00f3n a temas medioambientales, entre otros pedidos.<\/p>\n<p style=\"text-align: justify;\">Antecedentes<\/p>\n<p style=\"text-align: justify;\">El veto a la exportaci\u00f3n se debe a que el Gobierno no emiti\u00f3 el Certificado de Abastecimiento Interno y Precio Justo, que permite a los exportadores pasar su carga por la Aduana.<\/p>\n<p style=\"text-align: justify;\">La federaci\u00f3n de interculturales hab\u00eda exigido que el ministro de Desarrollo Productivo, Zen\u00f3n Pedro Mamani Ticona, al viceministro de Comercio Exterior, Hu\u00e1scar Ajata Guerrero, y al gerente de la Empresa de Apoyo a la Producci\u00f3n de Alimentos, Franklin Flores, informar este s\u00e1bado 22 de febrero la decisi\u00f3n gubernamental; sin embargo, los campesinos no tuvieron respuesta.<\/p>\n<p style=\"text-align: justify;\">La Asociaci\u00f3n de Productores de Oleaginosas y Trigo (Anapo) exigi\u00f3 al Gobierno emitir de forma inmediata el certificado que permitir\u00eda vender al exterior el 60% de la producci\u00f3n del a\u00f1o pasado.<\/p>\n","protected":false},"excerpt":{"rendered":"<p>La Confederaci\u00f3n Sindical de Comunidades Interculturales Originarias de Bolivia advirti\u00f3 que bloquear\u00e1 caminos entre Santa Cruz y Beni si el Gobierno no levanta el veto a la exportaci\u00f3n de soya, entre otras demandas. Este lunes dio 48 horas para atender sus pedidos. \u201cDe no cumplirse la presente resoluci\u00f3n dentro de 48 horas la Confederaci\u00f3n Sindical [&hellip;]<\/p>\n","protected":false},"author":4,"featured_media":0,"comment_status":"open","ping_status":"closed","sticky":false,"template":"","format":"standard","meta":{"footnotes":""},"categories":[52],"tags":[],"class_list":{"0":"post-74451","1":"post","2":"type-post","3":"status-publish","4":"format-standard","6":"category-alimentos-agroindustria"},"_links":{"self":[{"href":"https:\/\/jms.com.bo\/mediamonitor\/wp-json\/wp\/v2\/posts\/74451","targetHints":{"allow":["GET"]}}],"collection":[{"href":"https:\/\/jms.com.bo\/mediamonitor\/wp-json\/wp\/v2\/posts"}],"about":[{"href":"https:\/\/jms.com.bo\/mediamonitor\/wp-json\/wp\/v2\/types\/post"}],"author":[{"embeddable":true,"href":"https:\/\/jms.com.bo\/mediamonitor\/wp-json\/wp\/v2\/users\/4"}],"replies":[{"embeddable":true,"href":"https:\/\/jms.com.bo\/mediamonitor\/wp-json\/wp\/v2\/comments?post=74451"}],"version-history":[{"count":0,"href":"https:\/\/jms.com.bo\/mediamonitor\/wp-json\/wp\/v2\/posts\/74451\/revisions"}],"wp:attachment":[{"href":"https:\/\/jms.com.bo\/mediamonitor\/wp-json\/wp\/v2\/media?parent=74451"}],"wp:term":[{"taxonomy":"category","embeddable":true,"href":"https:\/\/jms.com.bo\/mediamonitor\/wp-json\/wp\/v2\/categories?post=74451"},{"taxonomy":"post_tag","embeddable":true,"href":"https:\/\/jms.com.bo\/mediamonitor\/wp-json\/wp\/v2\/tags?post=74451"}],"curies":[{"name":"wp","href":"https:\/\/api.w.org\/{rel}","templated":true}]}}