{"id":74453,"date":"2025-02-26T07:16:05","date_gmt":"2025-02-26T11:16:05","guid":{"rendered":"https:\/\/jms.com.bo\/mediamonitor\/2025\/02\/26\/sectores-anuncian-marcha-de-patacamaya-a-la-paz-contra-disposicion-confiscatoria\/"},"modified":"2025-02-26T07:16:05","modified_gmt":"2025-02-26T11:16:05","slug":"sectores-anuncian-marcha-de-patacamaya-a-la-paz-contra-disposicion-confiscatoria","status":"publish","type":"post","link":"https:\/\/jms.com.bo\/mediamonitor\/2025\/02\/26\/sectores-anuncian-marcha-de-patacamaya-a-la-paz-contra-disposicion-confiscatoria\/","title":{"rendered":"Sectores anuncian marcha de Patacamaya a La Paz contra disposici\u00f3n confiscatoria"},"content":{"rendered":"<p style=\"text-align: justify;\">El Comit\u00e9 Multisectorial, reunido este martes en Oruro, determin\u00f3 realizar una marcha desde Patacamaya hasta La Paz en la segunda semana de marzo para exigir una vez m\u00e1s la abrogaci\u00f3n de la disposici\u00f3n s\u00e9ptima de la ley del Presupuesto General del Estado (PGE), que autoriza decomisos si el gobierno considera que hay acaparamiento o alza injustificada de precios.<\/p>\n<p style=\"text-align: justify;\">En el segundo punto, ratificaron su exigencia al \u00d3rgano Ejecutivo y la Asamblea Plurinacional de derogar la norma que consideran confiscatoria. Adem\u00e1s piden al movimiento c\u00edvico nacional sumarse a las movilizaciones y en esa l\u00ednea solicitan una reuni\u00f3n de los comit\u00e9s c\u00edvicos con el ente multisectorial.<\/p>\n<p style=\"text-align: justify;\">\u201cEn el tema del Litio, reiteramos el rechazo de los departamentos productores como Potos\u00ed y Oruro para que antes de firmar contratos, se tenga que aprobar el proyecto de Ley 211, consensuada entre estos departamentos\u201d, se\u00f1ala otra de las conclusiones le\u00eddas por el dirigente gremial C\u00e9sar Gonz\u00e1lez. Adem\u00e1s expresaron su rechazo a los dos contratos para explotar el litio con el consorcio chino CBC y la empresa rusa Uranium One Group.<\/p>\n<p style=\"text-align: justify;\">Los pr\u00f3ximos ampliados se realizar\u00e1n en Beni y Cochabamba. En dichas reuniones se determinar\u00e1n nuevas medidas hasta lograr la derogaci\u00f3n de la disposici\u00f3n sobre los decomisos.<\/p>\n<p style=\"text-align: justify;\">Klaus Frerking, presidente electo de la C\u00e1mara Agropecuaria del Oriente (CAO), lament\u00f3 que las medidas del gobierno vayan en contrarruta de la producci\u00f3n. El gobierno ha congelado la aplicaci\u00f3n de la disposici\u00f3n s\u00e9ptima hasta lograr un consenso durante su reglamentaci\u00f3n. Sin embargo, los sectores han rechazado sentarse a dialogar sobre este punto y exigen que la norma quede anulada.<\/p>\n<p style=\"text-align: justify;\">El Comit\u00e9 Multisectorial ya cumpli\u00f3 una primera gran movilizaci\u00f3n el lunes 10 de febrero con un paro que consisti\u00f3 en marchas en ciudades como Cochabamba, Santa Cruz y Trinidad.<\/p>\n","protected":false},"excerpt":{"rendered":"<p>El Comit\u00e9 Multisectorial, reunido este martes en Oruro, determin\u00f3 realizar una marcha desde Patacamaya hasta La Paz en la segunda semana de marzo para exigir una vez m\u00e1s la abrogaci\u00f3n de la disposici\u00f3n s\u00e9ptima de la ley del Presupuesto General del Estado (PGE), que autoriza decomisos si el gobierno considera que hay acaparamiento o alza [&hellip;]<\/p>\n","protected":false},"author":4,"featured_media":0,"comment_status":"open","ping_status":"closed","sticky":false,"template":"","format":"standard","meta":{"footnotes":""},"categories":[49],"tags":[],"class_list":{"0":"post-74453","1":"post","2":"type-post","3":"status-publish","4":"format-standard","6":"category-social"},"_links":{"self":[{"href":"https:\/\/jms.com.bo\/mediamonitor\/wp-json\/wp\/v2\/posts\/74453","targetHints":{"allow":["GET"]}}],"collection":[{"href":"https:\/\/jms.com.bo\/mediamonitor\/wp-json\/wp\/v2\/posts"}],"about":[{"href":"https:\/\/jms.com.bo\/mediamonitor\/wp-json\/wp\/v2\/types\/post"}],"author":[{"embeddable":true,"href":"https:\/\/jms.com.bo\/mediamonitor\/wp-json\/wp\/v2\/users\/4"}],"replies":[{"embeddable":true,"href":"https:\/\/jms.com.bo\/mediamonitor\/wp-json\/wp\/v2\/comments?post=74453"}],"version-history":[{"count":0,"href":"https:\/\/jms.com.bo\/mediamonitor\/wp-json\/wp\/v2\/posts\/74453\/revisions"}],"wp:attachment":[{"href":"https:\/\/jms.com.bo\/mediamonitor\/wp-json\/wp\/v2\/media?parent=74453"}],"wp:term":[{"taxonomy":"category","embeddable":true,"href":"https:\/\/jms.com.bo\/mediamonitor\/wp-json\/wp\/v2\/categories?post=74453"},{"taxonomy":"post_tag","embeddable":true,"href":"https:\/\/jms.com.bo\/mediamonitor\/wp-json\/wp\/v2\/tags?post=74453"}],"curies":[{"name":"wp","href":"https:\/\/api.w.org\/{rel}","templated":true}]}}