{"id":74457,"date":"2025-02-26T07:31:07","date_gmt":"2025-02-26T11:31:07","guid":{"rendered":"https:\/\/jms.com.bo\/mediamonitor\/2025\/02\/26\/se-corto-por-horas-la-electricidad-en-hospital-del-plan-3-000\/"},"modified":"2025-02-26T07:31:07","modified_gmt":"2025-02-26T11:31:07","slug":"se-corto-por-horas-la-electricidad-en-hospital-del-plan-3-000","status":"publish","type":"post","link":"https:\/\/jms.com.bo\/mediamonitor\/2025\/02\/26\/se-corto-por-horas-la-electricidad-en-hospital-del-plan-3-000\/","title":{"rendered":"Se cort\u00f3 por horas la electricidad en hospital del Plan 3.000"},"content":{"rendered":"<p style=\"text-align: justify;\">El servicio de Emergencias del Hospital del Plan 3.000 sufri\u00f3 este martes un corte parcial de energ\u00eda durante algunas horas. La situaci\u00f3n afect\u00f3 el suministro de ox\u00edgeno y la bomba de agua utilizada en los tratamientos de hemodi\u00e1lisis, generando preocupaci\u00f3n entre el personal m\u00e9dico y los pacientes.<\/p>\n<p style=\"text-align: justify;\">\u00abSon m\u00e1s de dos horas con un corte de luz parcial en el servicio de Emergencias, lo que tambi\u00e9n ha afectado a la central de ox\u00edgeno. Cuando hay disminuci\u00f3n en la presi\u00f3n de ox\u00edgeno, salta la alarma; a eso se suma la bomba de agua para hacer filtraci\u00f3n de las hemodi\u00e1lisis, entre otros artefactos y lugares espec\u00edficos\u00bb, explic\u00f3 el doctor Evert Pati\u00f1o, desde el hospital de segundo nivel del Plan Tres Mil.<\/p>\n<p style=\"text-align: justify;\">El especialista se\u00f1al\u00f3 que el origen del problema radica en el cableado el\u00e9ctrico del hospital.<\/p>\n<p style=\"text-align: justify;\">\u00abHace dos a\u00f1os hicimos la denuncia, se lo arregl\u00f3, pero ya cumpli\u00f3 su ciclo de vida \u00fatil\u00bb, afirm\u00f3 Pati\u00f1o, agregando que este desperfecto ha impedido el funcionamiento de varios equipos y sistemas dentro del hospital.<\/p>\n<p style=\"text-align: justify;\">Adem\u00e1s, el m\u00e9dico alert\u00f3 que el corte de energ\u00eda paraliz\u00f3 el sistema inform\u00e1tico, lo que oblig\u00f3 al personal a llenar manualmente las hojas cl\u00ednicas.<\/p>\n<p style=\"text-align: justify;\">\u00abEs un problema de infraestructura, de cableado, en el sistema. Es m\u00e1s, no hay sistema en todo el hospital, por lo tanto, no se est\u00e1 haciendo afiliaci\u00f3n\u00bb, indic\u00f3.<\/p>\n<p style=\"text-align: justify;\">Seg\u00fan Pati\u00f1o, este problema es recurrente y, a pesar de haberlo notificado en reiteradas ocasiones a la administraci\u00f3n del hospital mediante notas y cartas, a\u00fan no han recibido una soluci\u00f3n concreta.<\/p>\n<p style=\"text-align: justify;\">\u00abHace un mes se quem\u00f3 la central de ox\u00edgeno, por lo que se suspendi\u00f3 el suministro\u00bb, record\u00f3 el m\u00e9dico, evidenciando la gravedad de la situaci\u00f3n.<\/p>\n<p style=\"text-align: justify;\">Las autoridades del hospital no han emitido un pronunciamiento oficial sobre el corte de energ\u00eda ni sobre las medidas que se tomar\u00e1n para evitar que estos incidentes se repitan.<\/p>\n","protected":false},"excerpt":{"rendered":"<p>El servicio de Emergencias del Hospital del Plan 3.000 sufri\u00f3 este martes un corte parcial de energ\u00eda durante algunas horas. La situaci\u00f3n afect\u00f3 el suministro de ox\u00edgeno y la bomba de agua utilizada en los tratamientos de hemodi\u00e1lisis, generando preocupaci\u00f3n entre el personal m\u00e9dico y los pacientes. \u00abSon m\u00e1s de dos horas con un corte [&hellip;]<\/p>\n","protected":false},"author":4,"featured_media":0,"comment_status":"open","ping_status":"closed","sticky":false,"template":"","format":"standard","meta":{"footnotes":""},"categories":[20],"tags":[],"class_list":{"0":"post-74457","1":"post","2":"type-post","3":"status-publish","4":"format-standard","6":"category-actualidad"},"_links":{"self":[{"href":"https:\/\/jms.com.bo\/mediamonitor\/wp-json\/wp\/v2\/posts\/74457","targetHints":{"allow":["GET"]}}],"collection":[{"href":"https:\/\/jms.com.bo\/mediamonitor\/wp-json\/wp\/v2\/posts"}],"about":[{"href":"https:\/\/jms.com.bo\/mediamonitor\/wp-json\/wp\/v2\/types\/post"}],"author":[{"embeddable":true,"href":"https:\/\/jms.com.bo\/mediamonitor\/wp-json\/wp\/v2\/users\/4"}],"replies":[{"embeddable":true,"href":"https:\/\/jms.com.bo\/mediamonitor\/wp-json\/wp\/v2\/comments?post=74457"}],"version-history":[{"count":0,"href":"https:\/\/jms.com.bo\/mediamonitor\/wp-json\/wp\/v2\/posts\/74457\/revisions"}],"wp:attachment":[{"href":"https:\/\/jms.com.bo\/mediamonitor\/wp-json\/wp\/v2\/media?parent=74457"}],"wp:term":[{"taxonomy":"category","embeddable":true,"href":"https:\/\/jms.com.bo\/mediamonitor\/wp-json\/wp\/v2\/categories?post=74457"},{"taxonomy":"post_tag","embeddable":true,"href":"https:\/\/jms.com.bo\/mediamonitor\/wp-json\/wp\/v2\/tags?post=74457"}],"curies":[{"name":"wp","href":"https:\/\/api.w.org\/{rel}","templated":true}]}}