{"id":74459,"date":"2025-02-26T07:35:04","date_gmt":"2025-02-26T11:35:04","guid":{"rendered":"https:\/\/jms.com.bo\/mediamonitor\/2025\/02\/26\/arce-abre-la-posibilidad-de-buscar-la-reeleccion\/"},"modified":"2025-02-26T07:35:04","modified_gmt":"2025-02-26T11:35:04","slug":"arce-abre-la-posibilidad-de-buscar-la-reeleccion","status":"publish","type":"post","link":"https:\/\/jms.com.bo\/mediamonitor\/2025\/02\/26\/arce-abre-la-posibilidad-de-buscar-la-reeleccion\/","title":{"rendered":"Arce abre la posibilidad de buscar la reelecci\u00f3n"},"content":{"rendered":"<p style=\"text-align: justify;\">El presidente Luis Arce admiti\u00f3 anoche su precandidatura para las pr\u00f3ximas elecciones generales, por lo que llam\u00f3 a la izquierda boliviana a unirse en torno al MAS ante, seg\u00fan dijo, las dos visiones de pa\u00eds contrapuestas que se disputar\u00e1n el poder en agosto. No obstante, excluy\u00f3 de su llamado al expresidente Evo Morales. \u201cPor sus actitudes, no podemos considerar que sea de izquierda\u201d, afirm\u00f3 el mandatario.<\/p>\n<p style=\"text-align: justify;\">\u201cHay varias proclamaciones. Se ha discutido internamente con el Pacto de Unidad, con la Direcci\u00f3n Nacional del Instrumento Pol\u00edtico, y se dio ya luz verde para que puedan correr las precandidaturas, con miras al congreso de abril, donde el MAS va a elegir, de manera org\u00e1nica, en el ampliado nacional, como estipula el estatuto el binomio, (a sus candidatos)\u201d, dijo Arce en una entrevista con el canal DTV.<\/p>\n<p style=\"text-align: justify;\">En ese marco, consultado sobre si ser\u00e1 candidato, el jefe de Estado no cerr\u00f3 esa posibilidad y, al contrario, dijo estar dispuesto a asumir una vez m\u00e1s ese desaf\u00edo. \u201cHay varios sectores, evidentemente, que nos han proclamado (&#8230;). Nosotros no nos excusamos ni nos brindamos. Lo hemos hecho las veces que (ha sido) necesario, dar el hombro al pa\u00eds, (y) lo vamos a hacer. Pero est\u00e1 en manos de nuestras organizaciones sociales todo este tema, que se va a discutir el pr\u00f3ximo mes de abril\u201d, se\u00f1al\u00f3 el Presidente.<\/p>\n<p style=\"text-align: justify;\">Cuando le preguntaron si eso significa que ahora mismo se considera precandidato, respondi\u00f3: \u201cAs\u00ed es, as\u00ed es\u201d.<\/p>\n<p style=\"text-align: justify;\">OPOSITORES<\/p>\n<p style=\"text-align: justify;\">Con relaci\u00f3n al bloque de unidad opositor, que est\u00e1 liderado por los expresidentes Carlos Mesa, Jorge Tuto Quiroga, el empresario Samuel Doria Medina y el gobernador titular de Santa Cruz, Luis Fernando Camacho, dijo que \u201ces normal que se una la derecha\u201d, pero advirti\u00f3 que \u201cellos creen que el MAS est\u00e1 derrotado\u201d, dando a entender que su partido dar\u00e1 pelea en las elecciones de agosto, donde dijo que se enfrentar\u00e1n dos visiones de pa\u00eds, la \u201cindustrializadora y la privatizadora\u201d.<\/p>\n<p style=\"text-align: justify;\">En esa l\u00ednea, critic\u00f3 las propuestas de los posibles rivales, como el de Doria Medina, Quiroga y Manfred Reyes Villa, quienes ofrecen acudir a financiamiento para resolver la crisis. \u201cLa soluci\u00f3n est\u00e1 en la Asamblea\u201d, se\u00f1al\u00f3, donde se encuentran bloqueados m\u00e1s de 1.667 millones de d\u00f3lares, por lo que pidi\u00f3 a estos precandidatos que instruyan a sus legisladores que liberen esos recursos si verdaderamente les importa el pa\u00eds.<\/p>\n<p style=\"text-align: justify;\">EVO YA NO ES \u201cUN HERMANO\u201d<\/p>\n<p style=\"text-align: justify;\">Sobre su relaci\u00f3n con Morales, dijo que ya no lo considera \u201cun hermano\u201d. \u201cNo, gente que pacta con la derecha, no puede ser nuestro compa\u00f1ero, gente que ha estado tratando de afectar la agesti\u00f3n, que no es m\u00eda, es de todo el MAS, ya no puede considerarse un hermano\u201d, dijo el mandatario, que agreg\u00f3 que, por ejemplo, \u201cnos quer\u00eda hacer cometer errores en el nombramiento\u201d de la c\u00fapula militar.<\/p>\n","protected":false},"excerpt":{"rendered":"<p>El presidente Luis Arce admiti\u00f3 anoche su precandidatura para las pr\u00f3ximas elecciones generales, por lo que llam\u00f3 a la izquierda boliviana a unirse en torno al MAS ante, seg\u00fan dijo, las dos visiones de pa\u00eds contrapuestas que se disputar\u00e1n el poder en agosto. No obstante, excluy\u00f3 de su llamado al expresidente Evo Morales. \u201cPor sus [&hellip;]<\/p>\n","protected":false},"author":4,"featured_media":0,"comment_status":"open","ping_status":"closed","sticky":false,"template":"","format":"standard","meta":{"footnotes":""},"categories":[18],"tags":[],"class_list":{"0":"post-74459","1":"post","2":"type-post","3":"status-publish","4":"format-standard","6":"category-politica"},"_links":{"self":[{"href":"https:\/\/jms.com.bo\/mediamonitor\/wp-json\/wp\/v2\/posts\/74459","targetHints":{"allow":["GET"]}}],"collection":[{"href":"https:\/\/jms.com.bo\/mediamonitor\/wp-json\/wp\/v2\/posts"}],"about":[{"href":"https:\/\/jms.com.bo\/mediamonitor\/wp-json\/wp\/v2\/types\/post"}],"author":[{"embeddable":true,"href":"https:\/\/jms.com.bo\/mediamonitor\/wp-json\/wp\/v2\/users\/4"}],"replies":[{"embeddable":true,"href":"https:\/\/jms.com.bo\/mediamonitor\/wp-json\/wp\/v2\/comments?post=74459"}],"version-history":[{"count":0,"href":"https:\/\/jms.com.bo\/mediamonitor\/wp-json\/wp\/v2\/posts\/74459\/revisions"}],"wp:attachment":[{"href":"https:\/\/jms.com.bo\/mediamonitor\/wp-json\/wp\/v2\/media?parent=74459"}],"wp:term":[{"taxonomy":"category","embeddable":true,"href":"https:\/\/jms.com.bo\/mediamonitor\/wp-json\/wp\/v2\/categories?post=74459"},{"taxonomy":"post_tag","embeddable":true,"href":"https:\/\/jms.com.bo\/mediamonitor\/wp-json\/wp\/v2\/tags?post=74459"}],"curies":[{"name":"wp","href":"https:\/\/api.w.org\/{rel}","templated":true}]}}