{"id":74460,"date":"2025-02-26T07:36:55","date_gmt":"2025-02-26T11:36:55","guid":{"rendered":"https:\/\/jms.com.bo\/mediamonitor\/2025\/02\/26\/el-tse-rechaza-la-renuncia-de-morales-al-mas-y-alega-el-tramite-es-personal\/"},"modified":"2025-02-26T07:36:55","modified_gmt":"2025-02-26T11:36:55","slug":"el-tse-rechaza-la-renuncia-de-morales-al-mas-y-alega-el-tramite-es-personal","status":"publish","type":"post","link":"https:\/\/jms.com.bo\/mediamonitor\/2025\/02\/26\/el-tse-rechaza-la-renuncia-de-morales-al-mas-y-alega-el-tramite-es-personal\/","title":{"rendered":"El TSE rechaza la renuncia de Morales al MAS y alega el tr\u00e1mite es personal"},"content":{"rendered":"<p style=\"text-align: justify;\">El Tribunal Supremo Electoral (TSE) rechaz\u00f3 la renuncia del expresidente Evo Morales al Movimiento Al Socialismo (MAS), porque, seg\u00fan aleg\u00f3, el tr\u00e1mite para es personal.<\/p>\n<p style=\"text-align: justify;\">\u201cEl TSE ha rechazado (la renuncia) ya que el delegado que tenemos en Cochabamba es quien est\u00e1 encargado de presentar la renuncia al MAS-IPSP en representaci\u00f3n de nuestro exmandatario Evo Morales Ayma, el cual por el TSE ha sido rechazado, ya que tiene que ser de manera personal\u201d, inform\u00f3 la senadora evista del MAS Lucy Escobar.<\/p>\n<p style=\"text-align: justify;\">Morales, seg\u00fan indic\u00f3 la exministra Teresa Morales, present\u00f3 su renuncia al MAS por medio de un \u201cdelegado\u201d, hecho que fue rechazado por el \u00d3rgano Electoral.<\/p>\n<p style=\"text-align: justify;\">Precisamente, el evismo decidi\u00f3 desafiliaci\u00f3n de todos sus militantes luego de que su l\u00edder firmara un acuerdo con el Frente Para la Victoria (FPV) con miras a las elecciones generales de este a\u00f1o.<\/p>\n<p style=\"text-align: justify;\">Evo Morales<br \/>\nAnte el rechazo del TSE, Escobar anunci\u00f3 que usar\u00e1n otro medio para que se presente la renuncia ante ese \u00f3rgano. \u201cPara eso tenemos otros instrumentos jur\u00eddicos como es el poder. Entonces, se est\u00e1 realizando este tr\u00e1mite administrativo para dar este poder a esta tercera persona, para que pueda ya presentar como exige el Tribunal Supremo Electoral\u201d, dijo.<\/p>\n<p style=\"text-align: justify;\">Morales no present\u00f3 su renuncia de manera personal debido a una orden de aprehensi\u00f3n que existe en su contra; eso, por un caso de trata de personas que lo involucra.<\/p>\n<p style=\"text-align: justify;\">Por ese caso, Morales est\u00e1 refugiado en la localidad de Lauca \u00d1, en el Tr\u00f3pico de Cochabamba. En esa regi\u00f3n, dirigentes, comunarios y simpatizantes de varios departamentos instalaron una vigilia para evitar su captura.<\/p>\n","protected":false},"excerpt":{"rendered":"<p>El Tribunal Supremo Electoral (TSE) rechaz\u00f3 la renuncia del expresidente Evo Morales al Movimiento Al Socialismo (MAS), porque, seg\u00fan aleg\u00f3, el tr\u00e1mite para es personal. \u201cEl TSE ha rechazado (la renuncia) ya que el delegado que tenemos en Cochabamba es quien est\u00e1 encargado de presentar la renuncia al MAS-IPSP en representaci\u00f3n de nuestro exmandatario Evo [&hellip;]<\/p>\n","protected":false},"author":4,"featured_media":0,"comment_status":"open","ping_status":"closed","sticky":false,"template":"","format":"standard","meta":{"footnotes":""},"categories":[18],"tags":[],"class_list":{"0":"post-74460","1":"post","2":"type-post","3":"status-publish","4":"format-standard","6":"category-politica"},"_links":{"self":[{"href":"https:\/\/jms.com.bo\/mediamonitor\/wp-json\/wp\/v2\/posts\/74460","targetHints":{"allow":["GET"]}}],"collection":[{"href":"https:\/\/jms.com.bo\/mediamonitor\/wp-json\/wp\/v2\/posts"}],"about":[{"href":"https:\/\/jms.com.bo\/mediamonitor\/wp-json\/wp\/v2\/types\/post"}],"author":[{"embeddable":true,"href":"https:\/\/jms.com.bo\/mediamonitor\/wp-json\/wp\/v2\/users\/4"}],"replies":[{"embeddable":true,"href":"https:\/\/jms.com.bo\/mediamonitor\/wp-json\/wp\/v2\/comments?post=74460"}],"version-history":[{"count":0,"href":"https:\/\/jms.com.bo\/mediamonitor\/wp-json\/wp\/v2\/posts\/74460\/revisions"}],"wp:attachment":[{"href":"https:\/\/jms.com.bo\/mediamonitor\/wp-json\/wp\/v2\/media?parent=74460"}],"wp:term":[{"taxonomy":"category","embeddable":true,"href":"https:\/\/jms.com.bo\/mediamonitor\/wp-json\/wp\/v2\/categories?post=74460"},{"taxonomy":"post_tag","embeddable":true,"href":"https:\/\/jms.com.bo\/mediamonitor\/wp-json\/wp\/v2\/tags?post=74460"}],"curies":[{"name":"wp","href":"https:\/\/api.w.org\/{rel}","templated":true}]}}