{"id":75557,"date":"2025-04-07T06:54:42","date_gmt":"2025-04-07T10:54:42","guid":{"rendered":"https:\/\/jms.com.bo\/mediamonitor\/2025\/04\/07\/anapo-reitera-pedido-de-liberar-la-exportacion-de-soya\/"},"modified":"2025-04-07T06:54:42","modified_gmt":"2025-04-07T10:54:42","slug":"anapo-reitera-pedido-de-liberar-la-exportacion-de-soya","status":"publish","type":"post","link":"https:\/\/jms.com.bo\/mediamonitor\/2025\/04\/07\/anapo-reitera-pedido-de-liberar-la-exportacion-de-soya\/","title":{"rendered":"Anapo reitera pedido de liberar la exportaci\u00f3n de soya"},"content":{"rendered":"<p style=\"text-align: justify;\">a Asociaci\u00f3n de Productores de Oleaginosas y Trigo (Anapo) reiter\u00f3 su pedido al Gobierno la liberaci\u00f3n de las exportaciones de soya, tras prever que este a\u00f1o habr\u00e1 un repunte del 53% en la producci\u00f3n frente a la cosecha anterior, con lo que el abastecimiento para el mercado interno estar\u00e1 garantizado.<\/p>\n<p style=\"text-align: justify;\">El presidente de Anapo, Fernando Romero, se\u00f1al\u00f3 que se proyecta para la campa\u00f1a de verano 2024-2025 cosechar al menos 2,3 millones de toneladas m\u00e9tricas (TM) de grano, a pesar de las \u00abadversidades clim\u00e1ticas de sequ\u00eda en algunas zonas productivas y de persistentes lluvias\u00bb.<\/p>\n<p style=\"text-align: justify;\">La previsi\u00f3n se contrapone con los cerca de 1,5 millones de toneladas que se produjo en la campa\u00f1a de verano 2023-2024 y supone \u00abuna recuperaci\u00f3n del 53%\u00bb, a\u00f1adi\u00f3 Romero, citado en un comunicado de prensa de la Anapo este viernes.<\/p>\n<p style=\"text-align: justify;\">Gobierno debe liberar exportaciones para garantizar precio justo, afirma Anapo<\/p>\n<p style=\"text-align: justify;\">Por esto, el principal representante de la asociaci\u00f3n exigi\u00f3 al Gobierno del presidente Luis Arce \u00abla urgente liberaci\u00f3n de las exportaciones de soya para brindar certidumbre a miles de productores\u00bb de manera que puedan recibir el \u00abprecio correcto\u00bb por su producci\u00f3n. El pedido ha sido manifestado en diversas oportunidades.<\/p>\n<p style=\"text-align: justify;\">Romero mencion\u00f3 que los 2,3 millones de toneladas son \u00absuficientes\u00bb para garantizar el abastecimiento del mercado interno, mismo que requiere 800.000 toneladas anuales para cubrir las necesidades de harina solvente del sector pecuario y de aceite comestible.<\/p>\n<p style=\"text-align: justify;\">Cosecha avanza y concluir\u00eda a mediados de mayo<\/p>\n<p style=\"text-align: justify;\">El dirigente tambi\u00e9n precis\u00f3 que hasta hace unos d\u00edas se report\u00f3 un avance del 20% en la cosecha de soya y que est\u00e1 planificado que en los siguientes d\u00edas esa labor continuar\u00e1 \u00absin pausa\u00bb de forma que est\u00e9 concluida a mitad de mayo.<\/p>\n<p style=\"text-align: justify;\">El comunicado de la Anapo indica que, seg\u00fan lo acordado en 2019, la liberaci\u00f3n de exportaci\u00f3n de soya debe darse \u00absin ninguna restricci\u00f3n, cupo o tr\u00e1mite adicional\u00bb cuando la producci\u00f3n es \u00abde un equivalente al 60 % de la producci\u00f3n del a\u00f1o anterior\u00bb.<\/p>\n<p style=\"text-align: justify;\">La asociaci\u00f3n tambi\u00e9n se\u00f1al\u00f3 que los productores de soya tienen \u00abexpectativas de recuperaci\u00f3n optimistas\u00bb que podr\u00edan concretarse en caso de que el Ejecutivo boliviano libere la exportaci\u00f3n del grano.<\/p>\n<p style=\"text-align: justify;\">Los productores de soya tuvieron una de las peores cosechas en los \u00faltimos 30 a\u00f1os en el verano 2023-2024, debido a los efectos de la sequ\u00eda que produjo \u00abcuantiosas p\u00e9rdidas productivas y econ\u00f3micas\u00bb, agreg\u00f3 la Anapo.<\/p>\n<p style=\"text-align: justify;\">Exportaciones siguen suspendidas por falta de certificado<\/p>\n<p style=\"text-align: justify;\">Desde el 1 de enero de este a\u00f1o, las exportaciones de soya est\u00e1n suspendidas porque el Gobierno no emite el Certificado de Abastecimiento Interno y Precio Justo para el grano, indispensable para la venta en el exterior.<\/p>\n<p style=\"text-align: justify;\">La medida se debi\u00f3 a que, seg\u00fan el Gobierno, los soyeros deben garantizar primero el abastecimiento interno.<\/p>\n","protected":false},"excerpt":{"rendered":"<p>a Asociaci\u00f3n de Productores de Oleaginosas y Trigo (Anapo) reiter\u00f3 su pedido al Gobierno la liberaci\u00f3n de las exportaciones de soya, tras prever que este a\u00f1o habr\u00e1 un repunte del 53% en la producci\u00f3n frente a la cosecha anterior, con lo que el abastecimiento para el mercado interno estar\u00e1 garantizado. El presidente de Anapo, Fernando [&hellip;]<\/p>\n","protected":false},"author":4,"featured_media":75558,"comment_status":"open","ping_status":"closed","sticky":false,"template":"","format":"standard","meta":{"footnotes":""},"categories":[52],"tags":[],"class_list":{"0":"post-75557","1":"post","2":"type-post","3":"status-publish","4":"format-standard","5":"has-post-thumbnail","7":"category-alimentos-agroindustria"},"_links":{"self":[{"href":"https:\/\/jms.com.bo\/mediamonitor\/wp-json\/wp\/v2\/posts\/75557","targetHints":{"allow":["GET"]}}],"collection":[{"href":"https:\/\/jms.com.bo\/mediamonitor\/wp-json\/wp\/v2\/posts"}],"about":[{"href":"https:\/\/jms.com.bo\/mediamonitor\/wp-json\/wp\/v2\/types\/post"}],"author":[{"embeddable":true,"href":"https:\/\/jms.com.bo\/mediamonitor\/wp-json\/wp\/v2\/users\/4"}],"replies":[{"embeddable":true,"href":"https:\/\/jms.com.bo\/mediamonitor\/wp-json\/wp\/v2\/comments?post=75557"}],"version-history":[{"count":0,"href":"https:\/\/jms.com.bo\/mediamonitor\/wp-json\/wp\/v2\/posts\/75557\/revisions"}],"wp:featuredmedia":[{"embeddable":true,"href":"https:\/\/jms.com.bo\/mediamonitor\/wp-json\/wp\/v2\/media\/75558"}],"wp:attachment":[{"href":"https:\/\/jms.com.bo\/mediamonitor\/wp-json\/wp\/v2\/media?parent=75557"}],"wp:term":[{"taxonomy":"category","embeddable":true,"href":"https:\/\/jms.com.bo\/mediamonitor\/wp-json\/wp\/v2\/categories?post=75557"},{"taxonomy":"post_tag","embeddable":true,"href":"https:\/\/jms.com.bo\/mediamonitor\/wp-json\/wp\/v2\/tags?post=75557"}],"curies":[{"name":"wp","href":"https:\/\/api.w.org\/{rel}","templated":true}]}}