{"id":75565,"date":"2025-04-07T07:01:12","date_gmt":"2025-04-07T11:01:12","guid":{"rendered":"https:\/\/jms.com.bo\/mediamonitor\/2025\/04\/07\/no-hubo-dialogo-y-choferes-de-yungas-ratifican-bloqueos-desde-este-lunes\/"},"modified":"2025-04-07T07:01:12","modified_gmt":"2025-04-07T11:01:12","slug":"no-hubo-dialogo-y-choferes-de-yungas-ratifican-bloqueos-desde-este-lunes","status":"publish","type":"post","link":"https:\/\/jms.com.bo\/mediamonitor\/2025\/04\/07\/no-hubo-dialogo-y-choferes-de-yungas-ratifican-bloqueos-desde-este-lunes\/","title":{"rendered":"No hubo di\u00e1logo y choferes de Yungas ratifican bloqueos desde este lunes"},"content":{"rendered":"<p style=\"text-align: justify;\">El di\u00e1logo convocado este domingo por la Agencia Nacional de Hidrocarburos (ANH) no se concret\u00f3, por lo que la dirigencia del transporte sindicalizado de los Yungas ratific\u00f3 el bloqueo de caminos que activar\u00e1 desde este lunes en esa regi\u00f3n.<\/p>\n<p style=\"text-align: justify;\">El dirigente de la Federaci\u00f3n Regional de Transporte Yungas La Paz, Freddy Avirari, ratific\u00f3 la medida de protesta en demanda de combustible y el mejoramiento de las carreteras.<\/p>\n<p style=\"text-align: justify;\">\u201cYa tenemos un mandato de nuestras bases, bien claro han indicado en un ampliado que (las autoridades) tienen que bajar (a los Yungas) a dialogar con nosotros\u201d, se\u00f1al\u00f3 el dirigente.<\/p>\n<p style=\"text-align: justify;\">Explic\u00f3 que, si bien funcionarios de la ANH llegaron este domingo hasta oficinas de la federaci\u00f3n, no estaba presente el director de la entidad, quien se hab\u00eda comprometido a explicar personalmente sobre el abastecimiento de carburantes.<\/p>\n<p style=\"text-align: justify;\">Adem\u00e1s, anunci\u00f3 que el di\u00e1logo solo ser\u00e1 posible con los ministros del sector y ya no con comisiones. Y tendr\u00e1n que acudir a los puntos de bloqueo.<\/p>\n<p style=\"text-align: justify;\">Yungas<br \/>\nAvirari anunci\u00f3 que en el bloqueo participar\u00e1n todos los sindicatos y se cortar\u00e1 la circulaci\u00f3n hacia Nor y Sud Yungas.<\/p>\n<p style=\"text-align: justify;\">El sector del transporte anunci\u00f3 que la medida se mantendr\u00e1 de manera indefinida hasta obtener una respuesta efectiva a sus peticiones.<\/p>\n<p style=\"text-align: justify;\">El dirigente Elio Cruz, de la Central \u00danica de Palos Blancos, ratific\u00f3 la informaci\u00f3n y anunci\u00f3 que en esa regi\u00f3n el bloqueo ser\u00e1 contundente.<\/p>\n<p style=\"text-align: justify;\">\u201cHemos tenido una reuni\u00f3n con los sindicatos y se ha decidido retornar a los bloqueos porque la ANH y la ABC se han burlado de nosotros. Por esa raz\u00f3n se determin\u00f3 iniciar la medida a partir de las cero horas de este lunes\u201d, indic\u00f3 Cruz.<\/p>\n<p style=\"text-align: justify;\">Seg\u00fan los dirigentes, las autoridades competentes no han respondido a sus solicitudes ni han ofrecido soluciones concretas a la escasez de di\u00e9sel y el deterioro de las v\u00edas.<\/p>\n<p style=\"text-align: justify;\">Este domingo, el director de la ANH, Germ\u00e1n Jim\u00e9nez, convoc\u00f3 al sector a un di\u00e1logo para intentar frenar el paro y bloqueos.<\/p>\n","protected":false},"excerpt":{"rendered":"<p>El di\u00e1logo convocado este domingo por la Agencia Nacional de Hidrocarburos (ANH) no se concret\u00f3, por lo que la dirigencia del transporte sindicalizado de los Yungas ratific\u00f3 el bloqueo de caminos que activar\u00e1 desde este lunes en esa regi\u00f3n. El dirigente de la Federaci\u00f3n Regional de Transporte Yungas La Paz, Freddy Avirari, ratific\u00f3 la medida [&hellip;]<\/p>\n","protected":false},"author":4,"featured_media":75566,"comment_status":"open","ping_status":"closed","sticky":false,"template":"","format":"standard","meta":{"footnotes":""},"categories":[49],"tags":[],"class_list":{"0":"post-75565","1":"post","2":"type-post","3":"status-publish","4":"format-standard","5":"has-post-thumbnail","7":"category-social"},"_links":{"self":[{"href":"https:\/\/jms.com.bo\/mediamonitor\/wp-json\/wp\/v2\/posts\/75565","targetHints":{"allow":["GET"]}}],"collection":[{"href":"https:\/\/jms.com.bo\/mediamonitor\/wp-json\/wp\/v2\/posts"}],"about":[{"href":"https:\/\/jms.com.bo\/mediamonitor\/wp-json\/wp\/v2\/types\/post"}],"author":[{"embeddable":true,"href":"https:\/\/jms.com.bo\/mediamonitor\/wp-json\/wp\/v2\/users\/4"}],"replies":[{"embeddable":true,"href":"https:\/\/jms.com.bo\/mediamonitor\/wp-json\/wp\/v2\/comments?post=75565"}],"version-history":[{"count":0,"href":"https:\/\/jms.com.bo\/mediamonitor\/wp-json\/wp\/v2\/posts\/75565\/revisions"}],"wp:featuredmedia":[{"embeddable":true,"href":"https:\/\/jms.com.bo\/mediamonitor\/wp-json\/wp\/v2\/media\/75566"}],"wp:attachment":[{"href":"https:\/\/jms.com.bo\/mediamonitor\/wp-json\/wp\/v2\/media?parent=75565"}],"wp:term":[{"taxonomy":"category","embeddable":true,"href":"https:\/\/jms.com.bo\/mediamonitor\/wp-json\/wp\/v2\/categories?post=75565"},{"taxonomy":"post_tag","embeddable":true,"href":"https:\/\/jms.com.bo\/mediamonitor\/wp-json\/wp\/v2\/tags?post=75565"}],"curies":[{"name":"wp","href":"https:\/\/api.w.org\/{rel}","templated":true}]}}