{"id":75575,"date":"2025-04-07T07:08:20","date_gmt":"2025-04-07T11:08:20","guid":{"rendered":"https:\/\/jms.com.bo\/mediamonitor\/2025\/04\/07\/andronico-es-proclamado-por-sectores-potosinos-como-candidato\/"},"modified":"2025-04-07T07:08:20","modified_gmt":"2025-04-07T11:08:20","slug":"andronico-es-proclamado-por-sectores-potosinos-como-candidato","status":"publish","type":"post","link":"https:\/\/jms.com.bo\/mediamonitor\/2025\/04\/07\/andronico-es-proclamado-por-sectores-potosinos-como-candidato\/","title":{"rendered":"Andr\u00f3nico es proclamado por sectores potosinos como candidato"},"content":{"rendered":"<p style=\"text-align: justify;\">El presidente del Senado, Andr\u00f3nico Rodr\u00edguez, fue proclamado como candidato a las elecciones generales por sectores sociales potosinos en medio de un acto. Este evento pol\u00edtico sucedi\u00f3 el s\u00e1bado en Potos\u00ed.<\/p>\n<p style=\"text-align: justify;\">\u201cVamos a ponerle el poncho (a Andr\u00f3nico) y de esta manera la proclamaci\u00f3n a nuestro hermano para que \u00e9l sea nuestro futuro presidente del Estado Plurinacional de Bolivia. Andr\u00f3nico Rodr\u00edguez 2025 \u2013 2030 y m\u00e1s all\u00e1 mis hermanos\u201d, se escucha a un dirigente potosino en medio del acto social.<\/p>\n<p style=\"text-align: justify;\">\u201cIntereses personales\u201d<\/p>\n<p style=\"text-align: justify;\">Tras ser proclamado, Rodr\u00edguez se dirigi\u00f3 a los sectores sociales presentes del Primer Encuentro Cultural y Social del Distrito 22, de \u00e1reas perif\u00e9ricas de la ciudad de Potos\u00ed. El senador pidi\u00f3 a sus seguidores trabajar por el pa\u00eds dejando \u201clos intereses personales\u201d.<\/p>\n","protected":false},"excerpt":{"rendered":"<p>El presidente del Senado, Andr\u00f3nico Rodr\u00edguez, fue proclamado como candidato a las elecciones generales por sectores sociales potosinos en medio de un acto. Este evento pol\u00edtico sucedi\u00f3 el s\u00e1bado en Potos\u00ed. \u201cVamos a ponerle el poncho (a Andr\u00f3nico) y de esta manera la proclamaci\u00f3n a nuestro hermano para que \u00e9l sea nuestro futuro presidente del [&hellip;]<\/p>\n","protected":false},"author":4,"featured_media":75576,"comment_status":"open","ping_status":"closed","sticky":false,"template":"","format":"standard","meta":{"footnotes":""},"categories":[18],"tags":[],"class_list":{"0":"post-75575","1":"post","2":"type-post","3":"status-publish","4":"format-standard","5":"has-post-thumbnail","7":"category-politica"},"_links":{"self":[{"href":"https:\/\/jms.com.bo\/mediamonitor\/wp-json\/wp\/v2\/posts\/75575","targetHints":{"allow":["GET"]}}],"collection":[{"href":"https:\/\/jms.com.bo\/mediamonitor\/wp-json\/wp\/v2\/posts"}],"about":[{"href":"https:\/\/jms.com.bo\/mediamonitor\/wp-json\/wp\/v2\/types\/post"}],"author":[{"embeddable":true,"href":"https:\/\/jms.com.bo\/mediamonitor\/wp-json\/wp\/v2\/users\/4"}],"replies":[{"embeddable":true,"href":"https:\/\/jms.com.bo\/mediamonitor\/wp-json\/wp\/v2\/comments?post=75575"}],"version-history":[{"count":0,"href":"https:\/\/jms.com.bo\/mediamonitor\/wp-json\/wp\/v2\/posts\/75575\/revisions"}],"wp:featuredmedia":[{"embeddable":true,"href":"https:\/\/jms.com.bo\/mediamonitor\/wp-json\/wp\/v2\/media\/75576"}],"wp:attachment":[{"href":"https:\/\/jms.com.bo\/mediamonitor\/wp-json\/wp\/v2\/media?parent=75575"}],"wp:term":[{"taxonomy":"category","embeddable":true,"href":"https:\/\/jms.com.bo\/mediamonitor\/wp-json\/wp\/v2\/categories?post=75575"},{"taxonomy":"post_tag","embeddable":true,"href":"https:\/\/jms.com.bo\/mediamonitor\/wp-json\/wp\/v2\/tags?post=75575"}],"curies":[{"name":"wp","href":"https:\/\/api.w.org\/{rel}","templated":true}]}}