{"id":75577,"date":"2025-04-07T07:10:24","date_gmt":"2025-04-07T11:10:24","guid":{"rendered":"https:\/\/jms.com.bo\/mediamonitor\/2025\/04\/07\/analistas-la-consolidacion-de-las-alianzas-definira-el-escenario-electoral\/"},"modified":"2025-04-07T07:10:24","modified_gmt":"2025-04-07T11:10:24","slug":"analistas-la-consolidacion-de-las-alianzas-definira-el-escenario-electoral","status":"publish","type":"post","link":"https:\/\/jms.com.bo\/mediamonitor\/2025\/04\/07\/analistas-la-consolidacion-de-las-alianzas-definira-el-escenario-electoral\/","title":{"rendered":"Analistas: La consolidaci\u00f3n de las alianzas definir\u00e1 el escenario electoral"},"content":{"rendered":"<div class=\"body\">\n<div class=\"field field-name-body field-type-text-with-summary field-label-hidden view-mode-full\">\n<div class=\"field-items\">\n<div class=\"field-item even\">\n<p class=\"rtejustify\" style=\"text-align: justify;\">El registro de las alianzas pol\u00edticas y la inscripci\u00f3n de los candidatos definir\u00e1 el escenario electoral de cara a las elecciones generales previstas para el 17 de agosto, coincidieron polit\u00f3logos y analistas.<\/p>\n<p class=\"rtejustify\" style=\"text-align: justify;\">El \u00d3rgano Electoral lanz\u00f3 el jueves la convocatoria a los comicios nacionales; las organizaciones pol\u00edticas tienen hasta el 18 de abril para registrar las alianzas y entre el 14 y 19 de mayo para inscribir a sus candidatos a todos los cargos.<\/p>\n<p class=\"rtejustify\" style=\"text-align: justify;\">El analista pol\u00edtico Paul Coca mencion\u00f3 que no todos los que se presentan como candidatos tienen el respaldo formal necesario de una sigla, por lo que se debe esperar el cumplimiento de plazos para poder configurar el escenario pol\u00edtico.<\/p>\n<p class=\"rtejustify\" style=\"text-align: justify;\">Con el registro de las alianzas se sabr\u00e1 qui\u00e9nes formalizar\u00e1n su participaci\u00f3n \u201cporque no todos los que anuncian su candidatura tienen siglas con personer\u00eda jur\u00eddica vigente\u201d. De no registrarse alianzas, se tendr\u00e1 el panorama de qui\u00e9nes ir\u00e1n solos, se\u00f1al\u00f3 Coca.<\/p>\n<p class=\"rtejustify\" style=\"text-align: justify;\">Hasta el momento las alianzas visibles son el bloque de unidad de la oposici\u00f3n que tiene como las figuras m\u00e1s visibles al lider de Unidad Nacional (UN), Samuel Doria Medina y a Jorge Quiroga; y la de Manfred Reyes Villa, de Autonomia Para Bolivia (APB) Sumate, y Chi Hyung.<\/p>\n<p class=\"rtejustify\" style=\"text-align: justify;\"><b>Bloque de unidad<\/b><\/p>\n<p class=\"rtejustify\" style=\"text-align: justify;\">Sobre el Bloque de Unidad, Coca se\u00f1al\u00f3 que la expectativa es alta, y la posibilidad de un candidato de consenso podr\u00eda ser clave para atraer a los votantes. \u201cEs determinante saber qui\u00e9n es el candidato de ese bloque y ver si se mantendr\u00e1 la unidad o no porque tanto Samuel Doria Medina como Jorge Quiroga est\u00e1n en la lucha para ser favorecidos en las encuestas\u201d, sostuvo.<\/p>\n<p class=\"rtejustify\" style=\"text-align: justify;\"><b>MAS<\/b><\/p>\n<p class=\"rtejustify\" style=\"text-align: justify;\">En el Movimiento Al Socialismo (MAS) tambi\u00e9n hace llamado a la unidad, y su panorama no es alentador ya que Luis Arce Catacora est\u00e1 muy bajo en la intenci\u00f3n de voto, y sufre el peso de su propio Gobierno.<\/p>\n<p class=\"rtejustify\" style=\"text-align: justify;\">Sin embargo, no se debe subestimar al MAS, ya que este partido est\u00e1 en el Gobierno, maneja \u00d3rganos del Estado, tiene el poder y buscar\u00e1 mantenerlo. \u201cNadie que est\u00e1 cerca de 20 a\u00f1os en el Gobierno querr\u00e1 soltar f\u00e1cilmente el poder\u201d, subray\u00f3 Coca.<\/p>\n<p class=\"rtejustify\" style=\"text-align: justify;\">El MAS, aunque est\u00e1 en el poder, enfrenta desaf\u00edos significativos en la intenci\u00f3n de voto, sostuvo Coca.<\/p>\n<p class=\"rtejustify\" style=\"text-align: justify;\"><b>Anticipados<\/b><\/p>\n<p class=\"rtejustify\" style=\"text-align: justify;\">El analista Marcelo Arequipa aport\u00f3 una perspectiva interesante al se\u00f1alar que, mientras los pol\u00edticos est\u00e1n muy enfocados en la contienda electoral, la ciudadan\u00eda parece estar m\u00e1s preocupada por temas cotidianos. Esto podr\u00eda significar que muchos votantes a\u00fan no han tomado una decisi\u00f3n firme, lo que a\u00f1ade un nivel de complejidad a la situaci\u00f3n.<\/p>\n<p class=\"rtejustify\" style=\"text-align: justify;\">Sobre el bloque opositor, se\u00f1al\u00f3 que la suma de voluntades no garantiza el \u00e9xito electoral. Las alianzas pueden ser complicadas, y los compromisos previos entre candidatos pueden generar tensiones.<\/p>\n<p class=\"rtejustify\" style=\"text-align: justify;\"><b>En el MAS<\/b><\/p>\n<p class=\"rtejustify\" style=\"text-align: justify;\">En relaci\u00f3n al MAS, Arequipa sostuvo que hay la necesidad de reconducirlo desde abajo hacia arriba para recuperar la conexi\u00f3n con la base. \u201cEntonces, creo que en el masismo y en el antimasismo, muchas cosas se est\u00e1n moviendo estos d\u00edas, muchas cosas, pero con poca posibilidad de penetrar en los electorados\u201d, dijo.<\/p>\n<p class=\"rtejustify\" style=\"text-align: justify;\">Para el analista, el \u00faltimo mes antes de la elecci\u00f3n ser\u00e1 el momento de definiciones para ver por qui\u00e9nes se va a votar. \u201cIncluso, las opciones pueden ser tomadas hasta el mismo d\u00eda que se votar\u00e1\u201d, sostuvo.<\/p>\n<p class=\"rtejustify\" style=\"text-align: justify;\">Los precandidatos ya ofrecieron todo lo que le pudieron ofrecer al pa\u00eds, ya no le pueden ofrecer nada m\u00e1s. \u201cTodos ya tienen sus propuestas sobre la mesa, y se van a dedicar a hacer campa\u00f1a dura en contra de ellos, y creo que eso es lo que la gente va a observar y en base a eso pues definir\u00e1\u201d, explic\u00f3.<\/p>\n<p class=\"rtejustify\" style=\"text-align: justify;\">Sobre la alianza entre Reyes Villa y Hyung, ve claridad sobre en el objetivo de los precandidatos. \u201cSe van a quedar donde est\u00e1n y van a ver c\u00f3mo se terminan por desgastar los otros y luego reci\u00e9n saldr\u00e1n a plantear algo\u201d.<\/p>\n<p class=\"rtejustify\" style=\"text-align: justify;\">Seg\u00fan Coca, Hyung le resta puntos a Reyes Villa; adem\u00e1s ve que el alcalde lleva el peso de su presunta relaci\u00f3n con el arcismo.<\/p>\n<p class=\"rtejustify rteindent1\" style=\"text-align: justify;\"><b>14\u00a0Organizaciones pol\u00edticas<\/b><\/p>\n<p class=\"rtejustify rteindent1\" style=\"text-align: justify;\">Hay 14 organizaciones pol\u00edticas de alcance nacional habilitados para los comicios generales.<\/p>\n<\/div>\n<\/div>\n<\/div>\n<div id=\"custom-ad-174402411188319\" class=\"\" style=\"text-align: justify;\"><\/div>\n<\/div>\n<div class=\"social-bar\">\n<div class=\"social-buttons\" style=\"text-align: justify;\"><\/div>\n<\/div>\n","protected":false},"excerpt":{"rendered":"<p>El registro de las alianzas pol\u00edticas y la inscripci\u00f3n de los candidatos definir\u00e1 el escenario electoral de cara a las elecciones generales previstas para el 17 de agosto, coincidieron polit\u00f3logos y analistas. El \u00d3rgano Electoral lanz\u00f3 el jueves la convocatoria a los comicios nacionales; las organizaciones pol\u00edticas tienen hasta el 18 de abril para registrar [&hellip;]<\/p>\n","protected":false},"author":4,"featured_media":75578,"comment_status":"open","ping_status":"closed","sticky":false,"template":"","format":"standard","meta":{"footnotes":""},"categories":[18,48,46],"tags":[],"class_list":{"0":"post-75577","1":"post","2":"type-post","3":"status-publish","4":"format-standard","5":"has-post-thumbnail","7":"category-politica","8":"category-portada-general-sitio","9":"category-portada-politica"},"_links":{"self":[{"href":"https:\/\/jms.com.bo\/mediamonitor\/wp-json\/wp\/v2\/posts\/75577","targetHints":{"allow":["GET"]}}],"collection":[{"href":"https:\/\/jms.com.bo\/mediamonitor\/wp-json\/wp\/v2\/posts"}],"about":[{"href":"https:\/\/jms.com.bo\/mediamonitor\/wp-json\/wp\/v2\/types\/post"}],"author":[{"embeddable":true,"href":"https:\/\/jms.com.bo\/mediamonitor\/wp-json\/wp\/v2\/users\/4"}],"replies":[{"embeddable":true,"href":"https:\/\/jms.com.bo\/mediamonitor\/wp-json\/wp\/v2\/comments?post=75577"}],"version-history":[{"count":0,"href":"https:\/\/jms.com.bo\/mediamonitor\/wp-json\/wp\/v2\/posts\/75577\/revisions"}],"wp:featuredmedia":[{"embeddable":true,"href":"https:\/\/jms.com.bo\/mediamonitor\/wp-json\/wp\/v2\/media\/75578"}],"wp:attachment":[{"href":"https:\/\/jms.com.bo\/mediamonitor\/wp-json\/wp\/v2\/media?parent=75577"}],"wp:term":[{"taxonomy":"category","embeddable":true,"href":"https:\/\/jms.com.bo\/mediamonitor\/wp-json\/wp\/v2\/categories?post=75577"},{"taxonomy":"post_tag","embeddable":true,"href":"https:\/\/jms.com.bo\/mediamonitor\/wp-json\/wp\/v2\/tags?post=75577"}],"curies":[{"name":"wp","href":"https:\/\/api.w.org\/{rel}","templated":true}]}}