{"id":75580,"date":"2025-04-07T07:13:02","date_gmt":"2025-04-07T11:13:02","guid":{"rendered":"https:\/\/jms.com.bo\/mediamonitor\/2025\/04\/07\/presidente-de-cepb-resalta-rol-de-empresarios-para-solucion-de-la-crisis-y-reconstruccion-del-pais\/"},"modified":"2025-04-07T07:13:02","modified_gmt":"2025-04-07T11:13:02","slug":"presidente-de-cepb-resalta-rol-de-empresarios-para-solucion-de-la-crisis-y-reconstruccion-del-pais","status":"publish","type":"post","link":"https:\/\/jms.com.bo\/mediamonitor\/2025\/04\/07\/presidente-de-cepb-resalta-rol-de-empresarios-para-solucion-de-la-crisis-y-reconstruccion-del-pais\/","title":{"rendered":"Presidente de CEPB resalta rol de empresarios para soluci\u00f3n de la crisis y reconstrucci\u00f3n del pa\u00eds"},"content":{"rendered":"<p style=\"text-align: justify;\">El presidente de la Confederaci\u00f3n de Empresarios Privados de Bolivia (CEPB), Giovanni Ortu\u00f1o, resalt\u00f3 que el sector empresarial es esencial para la soluci\u00f3n de la crisis y reconstruir el pa\u00eds.<\/p>\n<p style=\"text-align: justify;\">\u201cEn cualquier escenario pol\u00edtico futuro, el sector privado va a ser un factor esencial para la soluci\u00f3n de la crisis y la reconstrucci\u00f3n del pa\u00eds\u201d, dijo Ortu\u00f1o anoche durante su intervenci\u00f3n en la inauguraci\u00f3n del Congreso Empresarial 2025-Liderar para transformar, realizada en Cochabamba.<\/p>\n<p style=\"text-align: justify;\">Ortu\u00f1o solicit\u00f3 que los empresarios sean tomados en cuenta en el dise\u00f1o de las pol\u00edticas econ\u00f3micas que puedan afectar a los sectores productivos, informa una nota de prensa de la CEPB.<\/p>\n<p style=\"text-align: justify;\">\u201cCualquier modelo econ\u00f3mico, sea liberal o estatista, que ignore o menosprecie el rol fundamental del sector privado est\u00e1 condenado al fracaso\u201d. \u201cNo debemos seguir admitiendo que las pol\u00edticas econ\u00f3micas se dise\u00f1en sin la participaci\u00f3n de quienes generan empleo y riqueza\u201d.<\/p>\n<p style=\"text-align: justify;\">Ortu\u00f1o asisti\u00f3 como invitado al encuentro organizado por la Federaci\u00f3n de Entidades Empresariales Privadas de Cochabamba.<\/p>\n<p style=\"text-align: justify;\">En su discurso, resalt\u00f3 que la unidad del sector es crucial en estos momentos, pero resalt\u00f3 que no puede haber unidad genuina sin coherencia y respeto por la institucionalidad.<\/p>\n<p style=\"text-align: justify;\">\u201cSolo la unidad y la adhesi\u00f3n a nuestros valores nos otorgan legitimidad y nos han hecho fuertes, respetados y cohesionados, porque solo desde instituciones s\u00f3lidas podremos influir verdaderamente en el rumbo del pa\u00eds\u201d, se\u00f1al\u00f3.<\/p>\n","protected":false},"excerpt":{"rendered":"<p>El presidente de la Confederaci\u00f3n de Empresarios Privados de Bolivia (CEPB), Giovanni Ortu\u00f1o, resalt\u00f3 que el sector empresarial es esencial para la soluci\u00f3n de la crisis y reconstruir el pa\u00eds. \u201cEn cualquier escenario pol\u00edtico futuro, el sector privado va a ser un factor esencial para la soluci\u00f3n de la crisis y la reconstrucci\u00f3n del pa\u00eds\u201d, [&hellip;]<\/p>\n","protected":false},"author":4,"featured_media":75581,"comment_status":"open","ping_status":"closed","sticky":false,"template":"","format":"standard","meta":{"footnotes":""},"categories":[25],"tags":[],"class_list":{"0":"post-75580","1":"post","2":"type-post","3":"status-publish","4":"format-standard","5":"has-post-thumbnail","7":"category-economia"},"_links":{"self":[{"href":"https:\/\/jms.com.bo\/mediamonitor\/wp-json\/wp\/v2\/posts\/75580","targetHints":{"allow":["GET"]}}],"collection":[{"href":"https:\/\/jms.com.bo\/mediamonitor\/wp-json\/wp\/v2\/posts"}],"about":[{"href":"https:\/\/jms.com.bo\/mediamonitor\/wp-json\/wp\/v2\/types\/post"}],"author":[{"embeddable":true,"href":"https:\/\/jms.com.bo\/mediamonitor\/wp-json\/wp\/v2\/users\/4"}],"replies":[{"embeddable":true,"href":"https:\/\/jms.com.bo\/mediamonitor\/wp-json\/wp\/v2\/comments?post=75580"}],"version-history":[{"count":0,"href":"https:\/\/jms.com.bo\/mediamonitor\/wp-json\/wp\/v2\/posts\/75580\/revisions"}],"wp:featuredmedia":[{"embeddable":true,"href":"https:\/\/jms.com.bo\/mediamonitor\/wp-json\/wp\/v2\/media\/75581"}],"wp:attachment":[{"href":"https:\/\/jms.com.bo\/mediamonitor\/wp-json\/wp\/v2\/media?parent=75580"}],"wp:term":[{"taxonomy":"category","embeddable":true,"href":"https:\/\/jms.com.bo\/mediamonitor\/wp-json\/wp\/v2\/categories?post=75580"},{"taxonomy":"post_tag","embeddable":true,"href":"https:\/\/jms.com.bo\/mediamonitor\/wp-json\/wp\/v2\/tags?post=75580"}],"curies":[{"name":"wp","href":"https:\/\/api.w.org\/{rel}","templated":true}]}}