{"id":75584,"date":"2025-04-07T07:15:46","date_gmt":"2025-04-07T11:15:46","guid":{"rendered":"https:\/\/jms.com.bo\/mediamonitor\/2025\/04\/07\/la-inflacion-se-acelera-y-a-marzo-es-la-mas-alta-de-los-ultimos-40-anos-segun-economista\/"},"modified":"2025-04-07T07:15:46","modified_gmt":"2025-04-07T11:15:46","slug":"la-inflacion-se-acelera-y-a-marzo-es-la-mas-alta-de-los-ultimos-40-anos-segun-economista","status":"publish","type":"post","link":"https:\/\/jms.com.bo\/mediamonitor\/2025\/04\/07\/la-inflacion-se-acelera-y-a-marzo-es-la-mas-alta-de-los-ultimos-40-anos-segun-economista\/","title":{"rendered":"La inflaci\u00f3n se \u2018acelera\u2019 y, a marzo, es la m\u00e1s alta de los \u00faltimos 40 a\u00f1os, seg\u00fan economista"},"content":{"rendered":"<p style=\"text-align: justify;\">La inflaci\u00f3n de 1,71% registrada en el mes de marzo de esta gesti\u00f3n es la m\u00e1s alta de los \u00faltimos 40 a\u00f1os, seg\u00fan un an\u00e1lisis del presidente del Colegio de Economistas de Tarija, Luis Fernando Romero.<\/p>\n<p style=\"text-align: justify;\">El s\u00e1bado, el Instituto Nacional de Estad\u00edstica (INE) inform\u00f3 que el \u00cdndice de Precios al Consumidor (IPC) en el mes de marzo alcanz\u00f3 una variaci\u00f3n positiva de 1,71% y la inflaci\u00f3n acumulada en el primer trimestre del a\u00f1o suma 5%.<\/p>\n<p style=\"text-align: justify;\">\u201cLa inflaci\u00f3n de marzo de 1,71% es la m\u00e1s alta de los \u00faltimos 40 a\u00f1os si comparamos con a\u00f1os anteriores, inclusive la inflaci\u00f3n acumulada es la m\u00e1s alta entre 2018 a 2021\u201d, explic\u00f3 Romero a La Raz\u00f3n.<\/p>\n<p style=\"text-align: justify;\">El economista consider\u00f3, adem\u00e1s, que estas cifras denotan una inflaci\u00f3n acelerada y no solo mensual, sino anual y acumulada.<\/p>\n<p style=\"text-align: justify;\">Inflaci\u00f3n<br \/>\n\u201cSe explica principalmente porque no se ha atendido la demanda de d\u00f3lares, la gente sigue acudiendo a un mercado paralelo donde la divisa es cara, cercada a hora a los Bs 12. Adem\u00e1s, por la incertidumbre, la especulaci\u00f3n, el agio que no se ha resulto y ha hecho que suban m\u00e1s los precios\u201d, explic\u00f3.<\/p>\n<p style=\"text-align: justify;\">Romero indic\u00f3, adem\u00e1s, que el contrabando a la inversa genera desabastecimiento que provoca el alza de precios y obliga a muchas familias a reajustar su presupuesto y \u201cpaulatinamente se est\u00e1 empujando a m\u00e1s bolivianos a la pobreza\u201d.<\/p>\n<p style=\"text-align: justify;\">\u201cLo m\u00e1s determinante es la escasez de d\u00f3lares que provoc\u00f3 la p\u00e9rdida del poder adquisitivo en m\u00e1s del 60%\u201d, puntualiz\u00f3.<\/p>\n<p style=\"text-align: justify;\">El s\u00e1bado, La Raz\u00f3n inform\u00f3 que, en los tres primeros meses del a\u00f1o, la inflaci\u00f3n acumulada de 5% ya alcanza el 67% de la proyectada por el Gobierno para esta gesti\u00f3n (7,5%).<\/p>\n<p style=\"text-align: justify;\">El INE inform\u00f3 que los productos con mayor incidencia positiva (que subieron de precio) en marzo fueron carne de pollo, carne de res sin hueso, tomate, transporte en minib\u00fas, cebolla y almuerzo. Mientras que bajaron de precio el transporte interdepartamental en \u00f3mnibus\/flota, carne fresca de ganado porcino, televisor, protector solar, papaya y haba verde.<\/p>\n<p style=\"text-align: justify;\">Para este a\u00f1o, el Presupuesto General del Estado (PGE) proyect\u00f3 una tasa de inflaci\u00f3n del 7,5% y una tasa de crecimiento del 3,51%.<\/p>\n","protected":false},"excerpt":{"rendered":"<p>La inflaci\u00f3n de 1,71% registrada en el mes de marzo de esta gesti\u00f3n es la m\u00e1s alta de los \u00faltimos 40 a\u00f1os, seg\u00fan un an\u00e1lisis del presidente del Colegio de Economistas de Tarija, Luis Fernando Romero. El s\u00e1bado, el Instituto Nacional de Estad\u00edstica (INE) inform\u00f3 que el \u00cdndice de Precios al Consumidor (IPC) en el [&hellip;]<\/p>\n","protected":false},"author":4,"featured_media":75585,"comment_status":"open","ping_status":"closed","sticky":false,"template":"","format":"standard","meta":{"footnotes":""},"categories":[25,45,48],"tags":[],"class_list":{"0":"post-75584","1":"post","2":"type-post","3":"status-publish","4":"format-standard","5":"has-post-thumbnail","7":"category-economia","8":"category-portada-economia","9":"category-portada-general-sitio"},"_links":{"self":[{"href":"https:\/\/jms.com.bo\/mediamonitor\/wp-json\/wp\/v2\/posts\/75584","targetHints":{"allow":["GET"]}}],"collection":[{"href":"https:\/\/jms.com.bo\/mediamonitor\/wp-json\/wp\/v2\/posts"}],"about":[{"href":"https:\/\/jms.com.bo\/mediamonitor\/wp-json\/wp\/v2\/types\/post"}],"author":[{"embeddable":true,"href":"https:\/\/jms.com.bo\/mediamonitor\/wp-json\/wp\/v2\/users\/4"}],"replies":[{"embeddable":true,"href":"https:\/\/jms.com.bo\/mediamonitor\/wp-json\/wp\/v2\/comments?post=75584"}],"version-history":[{"count":0,"href":"https:\/\/jms.com.bo\/mediamonitor\/wp-json\/wp\/v2\/posts\/75584\/revisions"}],"wp:featuredmedia":[{"embeddable":true,"href":"https:\/\/jms.com.bo\/mediamonitor\/wp-json\/wp\/v2\/media\/75585"}],"wp:attachment":[{"href":"https:\/\/jms.com.bo\/mediamonitor\/wp-json\/wp\/v2\/media?parent=75584"}],"wp:term":[{"taxonomy":"category","embeddable":true,"href":"https:\/\/jms.com.bo\/mediamonitor\/wp-json\/wp\/v2\/categories?post=75584"},{"taxonomy":"post_tag","embeddable":true,"href":"https:\/\/jms.com.bo\/mediamonitor\/wp-json\/wp\/v2\/tags?post=75584"}],"curies":[{"name":"wp","href":"https:\/\/api.w.org\/{rel}","templated":true}]}}