{"id":75586,"date":"2025-04-07T07:19:02","date_gmt":"2025-04-07T11:19:02","guid":{"rendered":"https:\/\/jms.com.bo\/mediamonitor\/2025\/04\/07\/alerta-subvencion-del-gas-natural-conduce-a-bolivia-a-crisis-electrica\/"},"modified":"2025-04-07T07:19:02","modified_gmt":"2025-04-07T11:19:02","slug":"alerta-subvencion-del-gas-natural-conduce-a-bolivia-a-crisis-electrica","status":"publish","type":"post","link":"https:\/\/jms.com.bo\/mediamonitor\/2025\/04\/07\/alerta-subvencion-del-gas-natural-conduce-a-bolivia-a-crisis-electrica\/","title":{"rendered":"Alerta: Subvenci\u00f3n del gas natural conduce a Bolivia a crisis el\u00e9ctrica"},"content":{"rendered":"<p style=\"text-align: justify;\">Bolivia mantiene una subvenci\u00f3n al gas natural para generar energ\u00eda el\u00e9ctrica, medida que debi\u00f3 ser \u201ctransitoria\u201d, pero que perdura por m\u00e1s de 20 a\u00f1os, situaci\u00f3n que ahora es una nueva bomba de tiempo que puede derivar en una crisis el\u00e9ctrica sin precedentes, si es que no se toman urgentes medidas para revertir la situaci\u00f3n y estimular la generaci\u00f3n de electricidad a trav\u00e9s de hidroel\u00e9ctricas y otras fuentes de energ\u00eda renovable.<br \/>\nLa producci\u00f3n de energ\u00eda termoel\u00e9ctrica para abastecer la demanda del Sistema Interconectado Nacional (SIN) ha superado el 70%, \u00e9sta es generada con gas natural. Tambi\u00e9n es p\u00fablica la informaci\u00f3n de que ahora el pa\u00eds tiene problemas con la producci\u00f3n de ese hidrocarburo, pues seg\u00fan expertos en el \u00e1rea, en 2 o 3 a\u00f1os, Bolivia empezar\u00e1 a importar gas natural para abastecer al mercado interno, advirti\u00f3 el presidente de la C\u00e1mara Boliviana de Electricidad (CBE), \u00c1ngel Zannier Claros.<br \/>\nPareciera un contrasentido anunciar que habr\u00e1 una crisis el\u00e9ctrica en Bolivia, teniendo en cuenta que actualmente existe una sobrecapacidad respecto a la demanda. La capacidad instalada en el pa\u00eds es de 4.000 megavatios y la m\u00e1xima demanda de punta del a\u00f1o pasado ha estado alrededor de los 1.800 megavatios, seg\u00fan el presidente de la CBE, para quien hay temas ocultos detr\u00e1s de esa gran capacidad, donde existe gran cantidad de energ\u00eda termoel\u00e9ctrica generada por gas natural subvencionado.<br \/>\nSi comenzamos a importar gas natural, la cotizaci\u00f3n de ese recurso ser\u00e1 a precios internacionales de mercado, es decir a 6 a 8 d\u00f3lares el millar de pies c\u00fabicos. Internamente, hace m\u00e1s de 20 a\u00f1os el precio de gas natural para la generaci\u00f3n el\u00e9ctrica fue y es de 1,3 d\u00f3lares por millar de pies c\u00fabicos, explic\u00f3 Zannier, adem\u00e1s considera que el Gobierno debe reconocer que hay un error que se viene materializando hace muchos a\u00f1os.<br \/>\nCuando se promulg\u00f3 la Ley de Hidrocarburos vigente, hubo un decreto que fijaba transitoriamente el precio del gas natural para la generaci\u00f3n de electricidad en 1,3 d\u00f3lares el millar de pies c\u00fabicos y ese decreto se mantuvo por m\u00e1s de 20 a\u00f1os, sabiendo que el pa\u00eds ha exportado gas natural a m\u00e1s de 8, 10 o incluso 12 d\u00f3lares por millar de pies c\u00fabicos; por lo tanto, el costo de oportunidad para la econom\u00eda ha estado en valores elevados, lo que significa que el gas que se ha utilizado para energ\u00eda el\u00e9ctrica bien pudo ser exportado.<br \/>\nTambi\u00e9n lament\u00f3 que se haya acostumbrado a la poblaci\u00f3n a tener una tarifa el\u00e9ctrica subsidiada que no refleja la realidad en base a un marcador del precio de la electricidad que es el gas natural. Bolivia tiene un precio de energ\u00eda en la generaci\u00f3n de electricidad de alrededor de 15 a 16 d\u00f3lares el megavatio\/hora, si el gas reflejara su costo de oportunidad, subir\u00eda ese componente que le llega al consumidor final.<br \/>\nActualmente, el consumidor final est\u00e1 pagando en el orden de 120 d\u00f3lares por el megavatio hora, de los cuales 15 d\u00f3lares se pagan al generador; pero est\u00e1n las distintas porciones de la cadena que aumentan el precio, indic\u00f3 el ingeniero, quien tambi\u00e9n fue Ministro de Energ\u00eda e Hidrocarburos.<br \/>\nAl reflexionar sobre la actual situaci\u00f3n, indic\u00f3 que no se puede quitar la subvenci\u00f3n de un d\u00eda para el otro, pero que s\u00ed se tiene que reconocer ese problema y fijarse una hoja de ruta de c\u00f3mo se debe eliminar ese subsidio a lo largo de tiempo para generar un incentivo natural.<\/p>\n","protected":false},"excerpt":{"rendered":"<p>Bolivia mantiene una subvenci\u00f3n al gas natural para generar energ\u00eda el\u00e9ctrica, medida que debi\u00f3 ser \u201ctransitoria\u201d, pero que perdura por m\u00e1s de 20 a\u00f1os, situaci\u00f3n que ahora es una nueva bomba de tiempo que puede derivar en una crisis el\u00e9ctrica sin precedentes, si es que no se toman urgentes medidas para revertir la situaci\u00f3n y [&hellip;]<\/p>\n","protected":false},"author":4,"featured_media":75587,"comment_status":"open","ping_status":"closed","sticky":false,"template":"","format":"standard","meta":{"footnotes":""},"categories":[39],"tags":[],"class_list":{"0":"post-75586","1":"post","2":"type-post","3":"status-publish","4":"format-standard","5":"has-post-thumbnail","7":"category-energia"},"_links":{"self":[{"href":"https:\/\/jms.com.bo\/mediamonitor\/wp-json\/wp\/v2\/posts\/75586","targetHints":{"allow":["GET"]}}],"collection":[{"href":"https:\/\/jms.com.bo\/mediamonitor\/wp-json\/wp\/v2\/posts"}],"about":[{"href":"https:\/\/jms.com.bo\/mediamonitor\/wp-json\/wp\/v2\/types\/post"}],"author":[{"embeddable":true,"href":"https:\/\/jms.com.bo\/mediamonitor\/wp-json\/wp\/v2\/users\/4"}],"replies":[{"embeddable":true,"href":"https:\/\/jms.com.bo\/mediamonitor\/wp-json\/wp\/v2\/comments?post=75586"}],"version-history":[{"count":0,"href":"https:\/\/jms.com.bo\/mediamonitor\/wp-json\/wp\/v2\/posts\/75586\/revisions"}],"wp:featuredmedia":[{"embeddable":true,"href":"https:\/\/jms.com.bo\/mediamonitor\/wp-json\/wp\/v2\/media\/75587"}],"wp:attachment":[{"href":"https:\/\/jms.com.bo\/mediamonitor\/wp-json\/wp\/v2\/media?parent=75586"}],"wp:term":[{"taxonomy":"category","embeddable":true,"href":"https:\/\/jms.com.bo\/mediamonitor\/wp-json\/wp\/v2\/categories?post=75586"},{"taxonomy":"post_tag","embeddable":true,"href":"https:\/\/jms.com.bo\/mediamonitor\/wp-json\/wp\/v2\/tags?post=75586"}],"curies":[{"name":"wp","href":"https:\/\/api.w.org\/{rel}","templated":true}]}}