{"id":75588,"date":"2025-04-07T07:20:18","date_gmt":"2025-04-07T11:20:18","guid":{"rendered":"https:\/\/jms.com.bo\/mediamonitor\/2025\/04\/07\/bolivia-avanza-en-la-integracion-energetica-con-brasil-para-fortalecer-el-suministro-electrico\/"},"modified":"2025-04-07T07:20:18","modified_gmt":"2025-04-07T11:20:18","slug":"bolivia-avanza-en-la-integracion-energetica-con-brasil-para-fortalecer-el-suministro-electrico","status":"publish","type":"post","link":"https:\/\/jms.com.bo\/mediamonitor\/2025\/04\/07\/bolivia-avanza-en-la-integracion-energetica-con-brasil-para-fortalecer-el-suministro-electrico\/","title":{"rendered":"Bolivia avanza en la integraci\u00f3n energ\u00e9tica con Brasil para fortalecer el suministro el\u00e9ctrico"},"content":{"rendered":"<p style=\"text-align: justify;\">Bolivia avanza en su apuesta por convertirse en un proveedor de energ\u00eda el\u00e9ctrica para el mercado brasile\u00f1o. A lo largo de 2024, el pa\u00eds reforz\u00f3 este objetivo mediante la firma de memor\u00e1ndums de entendimiento y el avance en diversos proyectos estrat\u00e9gicos de interconexi\u00f3n el\u00e9ctrica con Brasil, inform\u00f3 el Ministerio de Hidrocarburos y Energ\u00edas.<\/p>\n<p style=\"text-align: justify;\">Uno de los hitos m\u00e1s importantes es la operaci\u00f3n de la Central Hidroel\u00e9ctrica UHE Jirau en Cota 90, en Brasil. En abril de 2024, se constituy\u00f3 la empresa ENDE Brasil, lo que permitir\u00e1 gestionar la Autorizaci\u00f3n de Comercializaci\u00f3n y Exportaci\u00f3n de electricidad ante la Agencia Nacional de Energ\u00eda El\u00e9ctrica de Brasil (ANEEL), que consolidar\u00e1 el marco institucional para la integraci\u00f3n energ\u00e9tica binacional.<\/p>\n<p style=\"text-align: justify;\">Asimismo, se avanza en la interconexi\u00f3n el\u00e9ctrica desde la provincia Germ\u00e1n Busch, en Santa Cruz, hacia el sistema el\u00e9ctrico brasile\u00f1o. Este proyecto consiste en la implementaci\u00f3n de una l\u00ednea de transmisi\u00f3n de 500 kilovoltios (kV) que conectar\u00e1 con el nodo de Corumb\u00e1, lo que fortalecer\u00e1 la infraestructura el\u00e9ctrica entre ambos pa\u00edses y garantizar\u00e1 un suministro estable y eficiente.<\/p>\n<p style=\"text-align: justify;\">Otro proyecto clave es el Binacional R\u00edo Madera, cuyo objetivo es evaluar el potencial hidroel\u00e9ctrico de la zona para determinar la mejor alternativa de desarrollo. En la actualidad se han concluido estudios t\u00e9cnicos preliminares y de planificaci\u00f3n para definir la viabilidad de esta iniciativa y su impacto en la seguridad energ\u00e9tica de ambos pa\u00edses.<\/p>\n<p style=\"text-align: justify;\">Estos proyectos consolidan el compromiso de Bolivia con la integraci\u00f3n energ\u00e9tica regional y refuerzan su rol como proveedor estrat\u00e9gico de energ\u00eda para Brasil. Este enfoque promueve un desarrollo sostenible y una mayor cooperaci\u00f3n bilateral en el sector el\u00e9ctrico.<\/p>\n","protected":false},"excerpt":{"rendered":"<p>Bolivia avanza en su apuesta por convertirse en un proveedor de energ\u00eda el\u00e9ctrica para el mercado brasile\u00f1o. A lo largo de 2024, el pa\u00eds reforz\u00f3 este objetivo mediante la firma de memor\u00e1ndums de entendimiento y el avance en diversos proyectos estrat\u00e9gicos de interconexi\u00f3n el\u00e9ctrica con Brasil, inform\u00f3 el Ministerio de Hidrocarburos y Energ\u00edas. Uno de [&hellip;]<\/p>\n","protected":false},"author":4,"featured_media":75589,"comment_status":"open","ping_status":"closed","sticky":false,"template":"","format":"standard","meta":{"footnotes":""},"categories":[39,44,48],"tags":[],"class_list":{"0":"post-75588","1":"post","2":"type-post","3":"status-publish","4":"format-standard","5":"has-post-thumbnail","7":"category-energia","8":"category-portada-energia","9":"category-portada-general-sitio"},"_links":{"self":[{"href":"https:\/\/jms.com.bo\/mediamonitor\/wp-json\/wp\/v2\/posts\/75588","targetHints":{"allow":["GET"]}}],"collection":[{"href":"https:\/\/jms.com.bo\/mediamonitor\/wp-json\/wp\/v2\/posts"}],"about":[{"href":"https:\/\/jms.com.bo\/mediamonitor\/wp-json\/wp\/v2\/types\/post"}],"author":[{"embeddable":true,"href":"https:\/\/jms.com.bo\/mediamonitor\/wp-json\/wp\/v2\/users\/4"}],"replies":[{"embeddable":true,"href":"https:\/\/jms.com.bo\/mediamonitor\/wp-json\/wp\/v2\/comments?post=75588"}],"version-history":[{"count":0,"href":"https:\/\/jms.com.bo\/mediamonitor\/wp-json\/wp\/v2\/posts\/75588\/revisions"}],"wp:featuredmedia":[{"embeddable":true,"href":"https:\/\/jms.com.bo\/mediamonitor\/wp-json\/wp\/v2\/media\/75589"}],"wp:attachment":[{"href":"https:\/\/jms.com.bo\/mediamonitor\/wp-json\/wp\/v2\/media?parent=75588"}],"wp:term":[{"taxonomy":"category","embeddable":true,"href":"https:\/\/jms.com.bo\/mediamonitor\/wp-json\/wp\/v2\/categories?post=75588"},{"taxonomy":"post_tag","embeddable":true,"href":"https:\/\/jms.com.bo\/mediamonitor\/wp-json\/wp\/v2\/tags?post=75588"}],"curies":[{"name":"wp","href":"https:\/\/api.w.org\/{rel}","templated":true}]}}