{"id":75603,"date":"2025-04-08T07:20:49","date_gmt":"2025-04-08T11:20:49","guid":{"rendered":"https:\/\/jms.com.bo\/mediamonitor\/2025\/04\/08\/avasalladores-agreden-a-concejales-en-una-inspeccion-a-predios-municipales\/"},"modified":"2025-04-08T07:20:49","modified_gmt":"2025-04-08T11:20:49","slug":"avasalladores-agreden-a-concejales-en-una-inspeccion-a-predios-municipales","status":"publish","type":"post","link":"https:\/\/jms.com.bo\/mediamonitor\/2025\/04\/08\/avasalladores-agreden-a-concejales-en-una-inspeccion-a-predios-municipales\/","title":{"rendered":"Avasalladores agreden a concejales en una inspecci\u00f3n a predios municipales"},"content":{"rendered":"<p style=\"text-align: justify;\">En medio de petardos, insultos y pedradas sacaron a la comitiva de concejales que realizaba una inspecci\u00f3n a predios municipales avasallados de 70 hect\u00e1reas, que est\u00e1n colindantes al Jard\u00edn Bot\u00e1nico. Los loteadores insultaron y agredieron f\u00edsicamente a los concejales Lola Terrazas y Maikol Negrete, por lo que los ediles presentaron una denuncia ante el Ministerio P\u00fablico.<\/p>\n<p style=\"text-align: justify;\">Los ediles llegaron a estos predios cerca de las 11:00. Los avasalladores se organizaron para hacer frente, por lo que algunos transitaban con motocicletas ruidosas. Adem\u00e1s, ten\u00edan apiladas llantas, que, a denuncia de la concejala Terrazas, estaban preparadas para quemarlas.<\/p>\n<p style=\"text-align: justify;\">La turba increpaba a la concejala terrazas en medio de forcejeos, pero, funcionarios y concejales protegieron a la edil y la resguardaron hasta la camioneta que la sac\u00f3 r\u00e1pidamente del lugar.<br \/>\n\u201cEstamos con los avasalladores y nosotros simplemente venimos a fiscalizar. El Ejecutivo Municipal no ha hecho nada en estos casi dos a\u00f1os de avasallamiento en este espacio para una laguna de regulaci\u00f3n. Hemos visto tala de \u00e1rboles, caminos y viviendas\u201d, denunci\u00f3 el concejal Jos\u00e9 Alberti tras salir del lugar.<\/p>\n<p style=\"text-align: justify;\">\u201cTenemos dos concejales lastimados, incluso los 30 guardias que solicitamos, se retiraron, seguramente por \u00f3rdenes del alcalde. Simplemente vinimos hacer nuestro trabajo\u201d, complement\u00f3 el concejal.<\/p>\n<p style=\"text-align: justify;\">Terrazas responsabiliz\u00f3 al alcalde por la violencia registrada durante una fiscalizaci\u00f3n. \u201cEsto ocurre porque alguien no est\u00e1 haciendo su trabajo\u201d, cuestion\u00f3.<br \/>\nTambi\u00e9n denunci\u00f3 que el alcalde retir\u00f3 a los guardias municipales que acompa\u00f1aban la inspecci\u00f3n y cuestion\u00f3 la ausencia de los funcionarios de la Secretar\u00eda de Medio Ambiente. \u201c\u00bfPor qu\u00e9 el alcalde orden\u00f3 que la guardia abandonara la inspecci\u00f3n? \u00bfPor qu\u00e9 no envi\u00f3 personal de Medio Ambiente?\u201d, reclam\u00f3.<\/p>\n<p style=\"text-align: justify;\">Terrazas asegur\u00f3 que en el lugar se est\u00e1n cometiendo delitos medioambientales y se\u00f1al\u00f3 que continuar\u00e1 con el trabajo de fiscalizaci\u00f3n, puesto que ya lleva a\u00f1os denunciando el avasallamiento de esta \u00e1rea municipal. \u201cVamos a seguir haciendo nuestro trabajo. Estaban con machetes, palas, rastrillos y hasta cascotes. No nos dejaban pasar. Ya hemos puesto en conocimiento de las autoridades esta situaci\u00f3n para que los responsables sean sancionados\u201d, manifest\u00f3.<br \/>\nPor su lado, el concejal Negrete denunci\u00f3 que los esperaron con cohetes que lanzaron a quema ropa y apunt\u00f3 a Marcos M. V. como uno de los cabecillas.<\/p>\n<p style=\"text-align: justify;\">\u201cPedimos a las autoridades policiales que tomen cartas en el asunto\u201d, sostuvo Negrete.<\/p>\n<p style=\"text-align: justify;\">La presidenta del Concejo, Silvana Mucarzel, manifest\u00f3 que esta es la segunda vez que realizan una inspecci\u00f3n a este predio y pueden decir con firmeza que el alcalde no hizo nada para desalojar a los loteadores que han tomado 30 hect\u00e1reas de terreno municipal. \u201cA diferencia del a\u00f1o pasado, ahora ya hay casas de material y el predio ya est\u00e1 parcelado. El alcalde no est\u00e1 haciendo su trabajo, hay un incumplimiento de deberes\u201d, se\u00f1al\u00f3 Mucarzel.<\/p>\n<p style=\"text-align: justify;\">Al respecto, el vocero de la Alcald\u00eda, Bernardo Montenegro, calific\u00f3 de show pol\u00edtico la inspecci\u00f3n de los concejales a predios avasallados, sin medidas de protecci\u00f3n.<br \/>\n\u201cFue un show pol\u00edtico, porque estaban (los concejales) conscientes de que no hab\u00eda condiciones de seguridad para entrar. Est\u00e1 el jefe de la Guardia Municipal, quien en persona les inform\u00f3 que esa gente estaba en una actitud beligerante, no hab\u00eda acompa\u00f1amiento policial y se recomendaba no hacer la inspecci\u00f3n. Haciendo caso omiso, decidieron ingresar de manera irresponsable, poniendo en riesgo a la gente que los acompa\u00f1aba\u201d, indic\u00f3 en rueda de prensa.<\/p>\n<p style=\"text-align: justify;\">De acuerdo con Montenegro, el Ejecutivo viene haciendo las gestiones para recuperar dicho terreno y, prueba de ello, es que se los ha desalojado tres veces. \u201cHay dos procesos, uno por falsedad y otro, por avasallamiento\u201d, apunt\u00f3 a tiempo de revelar que el \u00faltimo est\u00e1 para apertura de juicio.<br \/>\nMontenegro reiter\u00f3 que es falso que el municipio no haya hecho nada para proteger los predios municipales<\/p>\n<p style=\"text-align: justify;\">Una anterior inspecci\u00f3n<\/p>\n<p style=\"text-align: justify;\">En julio del a\u00f1o pasado, en una inspecci\u00f3n a este mismo lugar se denunci\u00f3 que desde hace cuatro a\u00f1os, estos predios son el blanco de los avasalladores que operan de forma fraudulenta y organizada, y se aprovechan de la gente que necesita de una vivienda.<br \/>\nEn esa oportunidad, un contingente policial y gendarmes acompa\u00f1aron a los concejales que constataron el desmonte para abrir caminos y distribuir terrenos parcelados en lotes. Desde 2021 se viene denunciando este avasallamiento, incluso los loteadores presentaron documentos falsos para apropiarse de los terrenos.<\/p>\n","protected":false},"excerpt":{"rendered":"<p>En medio de petardos, insultos y pedradas sacaron a la comitiva de concejales que realizaba una inspecci\u00f3n a predios municipales avasallados de 70 hect\u00e1reas, que est\u00e1n colindantes al Jard\u00edn Bot\u00e1nico. Los loteadores insultaron y agredieron f\u00edsicamente a los concejales Lola Terrazas y Maikol Negrete, por lo que los ediles presentaron una denuncia ante el Ministerio [&hellip;]<\/p>\n","protected":false},"author":4,"featured_media":75604,"comment_status":"open","ping_status":"closed","sticky":false,"template":"","format":"standard","meta":{"footnotes":""},"categories":[49],"tags":[],"class_list":{"0":"post-75603","1":"post","2":"type-post","3":"status-publish","4":"format-standard","5":"has-post-thumbnail","7":"category-social"},"_links":{"self":[{"href":"https:\/\/jms.com.bo\/mediamonitor\/wp-json\/wp\/v2\/posts\/75603","targetHints":{"allow":["GET"]}}],"collection":[{"href":"https:\/\/jms.com.bo\/mediamonitor\/wp-json\/wp\/v2\/posts"}],"about":[{"href":"https:\/\/jms.com.bo\/mediamonitor\/wp-json\/wp\/v2\/types\/post"}],"author":[{"embeddable":true,"href":"https:\/\/jms.com.bo\/mediamonitor\/wp-json\/wp\/v2\/users\/4"}],"replies":[{"embeddable":true,"href":"https:\/\/jms.com.bo\/mediamonitor\/wp-json\/wp\/v2\/comments?post=75603"}],"version-history":[{"count":0,"href":"https:\/\/jms.com.bo\/mediamonitor\/wp-json\/wp\/v2\/posts\/75603\/revisions"}],"wp:featuredmedia":[{"embeddable":true,"href":"https:\/\/jms.com.bo\/mediamonitor\/wp-json\/wp\/v2\/media\/75604"}],"wp:attachment":[{"href":"https:\/\/jms.com.bo\/mediamonitor\/wp-json\/wp\/v2\/media?parent=75603"}],"wp:term":[{"taxonomy":"category","embeddable":true,"href":"https:\/\/jms.com.bo\/mediamonitor\/wp-json\/wp\/v2\/categories?post=75603"},{"taxonomy":"post_tag","embeddable":true,"href":"https:\/\/jms.com.bo\/mediamonitor\/wp-json\/wp\/v2\/tags?post=75603"}],"curies":[{"name":"wp","href":"https:\/\/api.w.org\/{rel}","templated":true}]}}