{"id":75607,"date":"2025-04-08T07:23:28","date_gmt":"2025-04-08T11:23:28","guid":{"rendered":"https:\/\/jms.com.bo\/mediamonitor\/2025\/04\/08\/sectores-alistan-movilizaciones-contra-alza-de-canasta-familiar\/"},"modified":"2025-04-08T07:23:28","modified_gmt":"2025-04-08T11:23:28","slug":"sectores-alistan-movilizaciones-contra-alza-de-canasta-familiar","status":"publish","type":"post","link":"https:\/\/jms.com.bo\/mediamonitor\/2025\/04\/08\/sectores-alistan-movilizaciones-contra-alza-de-canasta-familiar\/","title":{"rendered":"Sectores alistan movilizaciones contra alza de canasta familiar"},"content":{"rendered":"<p style=\"text-align: justify;\">Denunciando una actitud \u201cpermisiva\u201d de las autoridades locales ante el encarecimiento de precios de la canasta familiar, juntas vecinales, padres de familia de las unidades educativas y la Central Obrera Departamental (COD) advirtieron con acciones de hecho, como toma de instituciones e incluso \u201csaqueos\u201d de negocios, en caso de que no se ponga un alto a la \u201cdesmedida\u201d elevaci\u00f3n de precios de los productos b\u00e1sicos en Sucre.<\/p>\n<p style=\"text-align: justify;\">El nuevo secretario ejecutivo de la COD, Marcelo Torrez, asegur\u00f3 que Sucre es la ciudad donde m\u00e1s se sufre por el incremento de precios de los principales productos de la canasta familiar.<\/p>\n<p style=\"text-align: justify;\">\u201cPlanteamos que tiene que haber m\u00e1s controles por parte de las alcald\u00edas, gobernaciones y Gobierno central porque esto de la canasta familiar hace de que muchas personas aprovechen la coyuntura para incurrir en agio y especulaci\u00f3n\u201d, sostuvo Torrez en un contacto con CORREO DEL SUR.<\/p>\n<p style=\"text-align: justify;\">El dirigente cree que tanto la gente, as\u00ed como las organizaciones sociales, tampoco reaccionan como deber\u00eda ser. \u201cLa gente se ha vuelto conformista (\u2026), le duele el bolsillo pero ah\u00ed nom\u00e1s queda (\u2026), creo que tambi\u00e9n los que estamos en la dirigencia tambi\u00e9n cometemos el error no s\u00e9 si dejar pasar y no elevar la voz inmediatamente, y creo que es una reflexi\u00f3n para todos los dirigentes y para quienes est\u00e1n en alguna instituci\u00f3n de que es momento de levantarse porque ya no podemos permitir que siga ocurriendo este tipo de situaciones porque la m\u00e1s golpeada es la clase trabajadora, la clase media baja\u201d, expres\u00f3.<\/p>\n<p style=\"text-align: justify;\">Seg\u00fan Torrez, Sucre es una ciudad muy cara, pues ac\u00e1 se paga m\u00e1s que en las ciudades troncales del pa\u00eds. \u201cEs una pena lo que estamos sufriendo y m\u00e1s en nuestra ciudad, donde los precios son sumamente elevados en comparaci\u00f3n con otras ciudades\u201d, se\u00f1al\u00f3.<\/p>\n<p style=\"text-align: justify;\">Por ejemplo, el dirigente coment\u00f3 que la anterior semana estuvo en La Paz y constat\u00f3 que all\u00e1 el kilo del pollo estaba por los 16 y 17 bolivianos, mientras en Sucre, siendo una ciudad donde hay menos circulante, el mismo producto cuesta entre 22 y 23 bolivianos.<\/p>\n<p style=\"text-align: justify;\">Torrez exhort\u00f3 a las autoridades competentes a hacer cumplir los precios que ellas mismas disponen, para lo cual es necesario que hagan controles constantes en todos los mercados, \u201cporque desde hace a\u00f1os vienen diciendo un precio, pero eso no se respeta, entonces debe haber controles m\u00e1s rigurosos y castigos para aquellas personas que elevan los precios y juegan con el bolsillo de la poblaci\u00f3n\u201d.<\/p>\n<p style=\"text-align: justify;\">SAQUEOS<\/p>\n<p style=\"text-align: justify;\">Vecinos de la Central\u00eda de Qhora Qhora, del Distrito 6 de Sucre, se pronunciaron este lunes ante la crisis econ\u00f3mica y advirtieron con saqueos de mercados en caso de que la Alcald\u00eda y autoridades competentes no den soluciones al incremento de precios y el contrabando, entre otros, en un plazo de siete d\u00edas. \u201cEn caso de no ser atendidos, se tomar\u00e1n medidas dr\u00e1sticas como el saqueo de negocios que est\u00e9n incurriendo en agio y especulaci\u00f3n\u201d, dijo el dirigente de la zona, Jos\u00e9 Maturano.<\/p>\n<p style=\"text-align: justify;\">Juntas escolares preparan un \u2018cacerolazo\u2019<\/p>\n<p style=\"text-align: justify;\">Otro sector que ve con mucha preocupaci\u00f3n el alza de precios de la canasta familiar es la Junta Educativa de Padres de Familia de Sucre. Su presidente, Juan Pablo G\u00f3mez, expres\u00f3 que hay productos b\u00e1sicos cuyos precios \u201cya son algo inalcanzable\u201d.<\/p>\n<p style=\"text-align: justify;\">\u201cLa econom\u00eda ya no alcanza para poder cubrir estas necesidades, realmente estamos preocupados. Este martes nos vamos a reunir para tratar el tema de la canasta familiar, pero estoy seguro que saldremos en una marcha de cacerolas vac\u00edas\u201d, afirm\u00f3.<\/p>\n<p style=\"text-align: justify;\">G\u00f3mez calific\u00f3 de \u201cpermisivo\u201d el accionar de las autoridades, que no controlan adecuadamente los precios de la canasta familiar. \u201cEn los mercados no hay qui\u00e9n controle, todos cobran al precio que ellos quieren y nadie dice nada, pero los m\u00e1s afectados son los padres de familia\u201d, recalc\u00f3.<\/p>\n<p style=\"text-align: justify;\">Seg\u00fan este representante, la carne de res ya est\u00e1 en Bs 60 el kilo y la de pollo est\u00e1 llegando a los Bs 30 en muchos sitios, asegur\u00f3. \u201cHay distintos precios que se est\u00e1n manejando y nadie dice nada. Ahora en cuesti\u00f3n de arroz, aceites, todo est\u00e1 elevado, hasta las verduras y hortalizas, como el tomate y la arveja, est\u00e1n llegando con \u201cprecios que se han duplicado y hasta triplicado\u201d, se\u00f1al\u00f3.<\/p>\n<p style=\"text-align: justify;\">Fedjuve advierte con una toma de instituciones<\/p>\n<p style=\"text-align: justify;\">Para el presidente de la Federaci\u00f3n Departamental de Juntas Vecinales de Chuquisaca (Fedjuve), Juan Carlos Miranda, su organizaci\u00f3n est\u00e1 decidida a salir a las calles porque la situaci\u00f3n de la canasta familiar es \u201cmuy preocupante\u201d.<\/p>\n<p style=\"text-align: justify;\">Miranda explic\u00f3 que por lo menos son cuatro los productos que est\u00e1n fuera de control: la carne de res, el pollo, el arroz y el aceite. Por ejemplo, el arroz subi\u00f3 en m\u00e1s del 200% y el aceite pas\u00f3 de costar 50 a 85 bolivianos el bid\u00f3n de 5 litros.<\/p>\n<p style=\"text-align: justify;\">Tras reprobar su trabajo, la Fedjuve logr\u00f3 que se cambie al representante del Viceministerio de Defensa de los Derechos del Usuario y Consumidor en Sucre, y ahora espera que el Alcalde cumpla su compromiso de remover al responsable municipal de la Oficina de Defensa del Consumidor (Odeco).<\/p>\n<p style=\"text-align: justify;\">La misma exigencia tiene con la Empresa de Apoyo a la Producci\u00f3n de Alimentos (Emapa), cuyo encargado regional tampoco demostr\u00f3 un trabajo eficiente, asegur\u00f3.<\/p>\n<p style=\"text-align: justify;\">Asimismo, exigi\u00f3 al viceministro de Defensa de los Derechos del Usuario y Consumidor, Jorge Silva, honrar una promesa del a\u00f1o pasado, cuando anunci\u00f3 que en Sucre habilitar\u00edan este a\u00f1o sucursales de Emapa en los distritos 2, 3 y 5.<\/p>\n<p style=\"text-align: justify;\">Miranda afirm\u00f3 que de no haber una pronta respuesta a sus demandas, tomar\u00e1n las dependencias de Emapa y las oficinas de Odeco de la Alcald\u00eda de Sucre.<\/p>\n<p style=\"text-align: justify;\">\u201cVamos a tomar las oficinas de Emapa, tambi\u00e9n Odeco de la Alcald\u00eda, porque marchas hacemos, pero no hay resultados. Bloqueos hemos descartado\u201d, remarc\u00f3 el dirigente vecinal.<\/p>\n<p style=\"text-align: justify;\">En el pasado, por el alza de costos, los consejos distritales se anticiparon a Fedjuve en las movilizaciones.<\/p>\n","protected":false},"excerpt":{"rendered":"<p>Denunciando una actitud \u201cpermisiva\u201d de las autoridades locales ante el encarecimiento de precios de la canasta familiar, juntas vecinales, padres de familia de las unidades educativas y la Central Obrera Departamental (COD) advirtieron con acciones de hecho, como toma de instituciones e incluso \u201csaqueos\u201d de negocios, en caso de que no se ponga un alto [&hellip;]<\/p>\n","protected":false},"author":4,"featured_media":75608,"comment_status":"open","ping_status":"closed","sticky":false,"template":"","format":"standard","meta":{"footnotes":""},"categories":[49],"tags":[],"class_list":{"0":"post-75607","1":"post","2":"type-post","3":"status-publish","4":"format-standard","5":"has-post-thumbnail","7":"category-social"},"_links":{"self":[{"href":"https:\/\/jms.com.bo\/mediamonitor\/wp-json\/wp\/v2\/posts\/75607","targetHints":{"allow":["GET"]}}],"collection":[{"href":"https:\/\/jms.com.bo\/mediamonitor\/wp-json\/wp\/v2\/posts"}],"about":[{"href":"https:\/\/jms.com.bo\/mediamonitor\/wp-json\/wp\/v2\/types\/post"}],"author":[{"embeddable":true,"href":"https:\/\/jms.com.bo\/mediamonitor\/wp-json\/wp\/v2\/users\/4"}],"replies":[{"embeddable":true,"href":"https:\/\/jms.com.bo\/mediamonitor\/wp-json\/wp\/v2\/comments?post=75607"}],"version-history":[{"count":0,"href":"https:\/\/jms.com.bo\/mediamonitor\/wp-json\/wp\/v2\/posts\/75607\/revisions"}],"wp:featuredmedia":[{"embeddable":true,"href":"https:\/\/jms.com.bo\/mediamonitor\/wp-json\/wp\/v2\/media\/75608"}],"wp:attachment":[{"href":"https:\/\/jms.com.bo\/mediamonitor\/wp-json\/wp\/v2\/media?parent=75607"}],"wp:term":[{"taxonomy":"category","embeddable":true,"href":"https:\/\/jms.com.bo\/mediamonitor\/wp-json\/wp\/v2\/categories?post=75607"},{"taxonomy":"post_tag","embeddable":true,"href":"https:\/\/jms.com.bo\/mediamonitor\/wp-json\/wp\/v2\/tags?post=75607"}],"curies":[{"name":"wp","href":"https:\/\/api.w.org\/{rel}","templated":true}]}}