{"id":75609,"date":"2025-04-08T07:25:31","date_gmt":"2025-04-08T11:25:31","guid":{"rendered":"https:\/\/jms.com.bo\/mediamonitor\/2025\/04\/08\/comision-define-priorizar-ayuda-humanitaria-a-indigenas-del-chaco\/"},"modified":"2025-04-08T07:25:31","modified_gmt":"2025-04-08T11:25:31","slug":"comision-define-priorizar-ayuda-humanitaria-a-indigenas-del-chaco","status":"publish","type":"post","link":"https:\/\/jms.com.bo\/mediamonitor\/2025\/04\/08\/comision-define-priorizar-ayuda-humanitaria-a-indigenas-del-chaco\/","title":{"rendered":"Comisi\u00f3n define priorizar ayuda humanitaria a ind\u00edgenas del Chaco"},"content":{"rendered":"<p style=\"text-align: justify;\">La Comisi\u00f3n Ad Hoc de Atenci\u00f3n de Emergencias Clim\u00e1ticas de la Regi\u00f3n Aut\u00f3noma del Chaco se reuni\u00f3 para evaluar las emergencias y desastres que provoc\u00f3 el desborde del r\u00edo Pilcomayo. En una primera instancia se determin\u00f3 la necesidad urgente de viabilizar ayuda humanitaria, como alimentaci\u00f3n, salud y rehabilitaci\u00f3n de viviendas, a las comunidades ind\u00edgenas afectadas en Yacuiba y Villa Montes.<\/p>\n<p style=\"text-align: justify;\">\u201cSe establece de manera inmediata para el Gran Chaco, la ayuda humanitaria, principalmente, a las comunidades ind\u00edgenas de los diferentes municipios, para lo cual deben hacer llegar las carpeta actualizadas con las declaratorias de desastre naturales al Gobierno Regional para remitirlas al nivel central y coordinar entre los diferentes niveles de gobierno el monto que se destinar\u00e1 a esta regi\u00f3n\u201d, inform\u00f3 el representante del Viceministerio de Autonom\u00edas, Germ\u00e1n Artunduaga, quien dio lectura a las conclusiones de la reuni\u00f3n.<\/p>\n<p style=\"text-align: justify;\">La reuni\u00f3n fue convocada con el prop\u00f3sito de coordinar el diagn\u00f3stico, necesidades y destino de los recursos para la atenci\u00f3n de emergencia y desastres por inundaciones.<\/p>\n<p style=\"text-align: justify;\">El segundo punto del documento establece priorizar acciones inmediatas con atenci\u00f3n en salud a las comunidades afectadas, adem\u00e1s de la rehabilitaci\u00f3n de viviendas, rehabilitaci\u00f3n de carreteras, centros de salud y unidades educativas, y la construcci\u00f3n de defensivos.<\/p>\n<p style=\"text-align: justify;\">Asimismo, las instituciones del Gran Chaco exigen a la Asamblea Legislativa aprobar los cr\u00e9ditos de inversi\u00f3n bloqueados para permitir atender las emergencias de los municipios afectados por los eventos adversos.<\/p>\n<p style=\"text-align: justify;\">En la reuni\u00f3n participaron el viceministro de Planificaci\u00f3n y Desarrollo Energ\u00e9tico, Freddy Vel\u00e1zquez; el ejecutivo regional, Jos\u00e9 Luis \u00c1brego, y representantes de los municipios de Yacuiba, Villa Montes y Carapar\u00ed.<\/p>\n<p style=\"text-align: justify;\">Cabe recordar que el desborde del r\u00edo Pilcomayo afect\u00f3 a unas 46 comunidades ind\u00edgenas del Gran Chaco, lo que implicaba unas mil familias. Algunas de ellas tuvieron que ser evacuadas, ya que el agua ingres\u00f3 a las viviendas y unidades educativas.<\/p>\n<p style=\"text-align: justify;\">Aulas m\u00f3viles<\/p>\n<p style=\"text-align: justify;\">El Gobierno Municipal de Villa Montes lleg\u00f3 hasta la comunidad La Victoria, que es una de las m\u00e1s afectadas por las inundaciones, para instalar casillas m\u00f3viles para que ser\u00e1n usadas como aulas educativas y centros de salud.<\/p>\n<p style=\"text-align: justify;\">\u201cEsta actividad es un trabajo coordinado que realizamos para la instalaci\u00f3n de cuatro casillas m\u00f3viles, con la finalidad de que los estudiantes puedan pasar clases. Asimismo se habilit\u00f3 una casilla m\u00f3vil para las atenciones m\u00e9dicas, de acuerdo con los compromisos asumidos con la comunidad\u201d, dijo Alfredo G\u00f3mez, director de Educaci\u00f3n de la Alcald\u00eda.<\/p>\n<p style=\"text-align: justify;\">Estos trabajos han permitido que desde ayer lunes los estudiantes retomen sus clases y la comunidad estudiantil de la zona no sea perjudicada.<\/p>\n<p style=\"text-align: justify;\">As\u00ed tambi\u00e9n la Alcald\u00eda entreg\u00f3 material escolar, de limpieza y vivires, de acuerdo con las competencias municipales.<\/p>\n<p style=\"text-align: justify;\">Se tiene previsto que estas casillas servir\u00e1n para que los estudiantes puedan pasar clases durante tres meses, hasta que mejore el tiempo y puedan retomar a clases a su recinto antiguo, tanto en educaci\u00f3n como salud.<\/p>\n<p style=\"text-align: justify;\">Brigadas atienden m\u00e1s casos de resfr\u00edo<\/p>\n<p style=\"text-align: justify;\">El resfr\u00edo com\u00fan es la patolog\u00eda m\u00e1s frecuente atendida por las brigadas m\u00e9dicas del Ministerio de Salud y Deportes, que brindan ayuda a las familias que fueron afectadas por los desastres naturales en todo el pa\u00eds. De los 3.758 casos registrados, 546 son por atenciones a resfr\u00edos comunes, seguido de lumbalgias y diarreas agudas.<\/p>\n<p style=\"text-align: justify;\">Las lumbalgias son la segunda causa de atenciones con 482 registros y se debe al esfuerzo de las personas para rescatar sus propiedades afectadas por inundaciones.<\/p>\n","protected":false},"excerpt":{"rendered":"<p>La Comisi\u00f3n Ad Hoc de Atenci\u00f3n de Emergencias Clim\u00e1ticas de la Regi\u00f3n Aut\u00f3noma del Chaco se reuni\u00f3 para evaluar las emergencias y desastres que provoc\u00f3 el desborde del r\u00edo Pilcomayo. En una primera instancia se determin\u00f3 la necesidad urgente de viabilizar ayuda humanitaria, como alimentaci\u00f3n, salud y rehabilitaci\u00f3n de viviendas, a las comunidades ind\u00edgenas afectadas [&hellip;]<\/p>\n","protected":false},"author":4,"featured_media":75610,"comment_status":"open","ping_status":"closed","sticky":false,"template":"","format":"standard","meta":{"footnotes":""},"categories":[20],"tags":[],"class_list":{"0":"post-75609","1":"post","2":"type-post","3":"status-publish","4":"format-standard","5":"has-post-thumbnail","7":"category-actualidad"},"_links":{"self":[{"href":"https:\/\/jms.com.bo\/mediamonitor\/wp-json\/wp\/v2\/posts\/75609","targetHints":{"allow":["GET"]}}],"collection":[{"href":"https:\/\/jms.com.bo\/mediamonitor\/wp-json\/wp\/v2\/posts"}],"about":[{"href":"https:\/\/jms.com.bo\/mediamonitor\/wp-json\/wp\/v2\/types\/post"}],"author":[{"embeddable":true,"href":"https:\/\/jms.com.bo\/mediamonitor\/wp-json\/wp\/v2\/users\/4"}],"replies":[{"embeddable":true,"href":"https:\/\/jms.com.bo\/mediamonitor\/wp-json\/wp\/v2\/comments?post=75609"}],"version-history":[{"count":0,"href":"https:\/\/jms.com.bo\/mediamonitor\/wp-json\/wp\/v2\/posts\/75609\/revisions"}],"wp:featuredmedia":[{"embeddable":true,"href":"https:\/\/jms.com.bo\/mediamonitor\/wp-json\/wp\/v2\/media\/75610"}],"wp:attachment":[{"href":"https:\/\/jms.com.bo\/mediamonitor\/wp-json\/wp\/v2\/media?parent=75609"}],"wp:term":[{"taxonomy":"category","embeddable":true,"href":"https:\/\/jms.com.bo\/mediamonitor\/wp-json\/wp\/v2\/categories?post=75609"},{"taxonomy":"post_tag","embeddable":true,"href":"https:\/\/jms.com.bo\/mediamonitor\/wp-json\/wp\/v2\/tags?post=75609"}],"curies":[{"name":"wp","href":"https:\/\/api.w.org\/{rel}","templated":true}]}}