{"id":75615,"date":"2025-04-08T07:31:48","date_gmt":"2025-04-08T11:31:48","guid":{"rendered":"https:\/\/jms.com.bo\/mediamonitor\/2025\/04\/08\/arce-revela-que-el-mas-tiene-una-lista-de-precandidatos-para-las-elecciones-generales\/"},"modified":"2025-04-08T07:31:48","modified_gmt":"2025-04-08T11:31:48","slug":"arce-revela-que-el-mas-tiene-una-lista-de-precandidatos-para-las-elecciones-generales","status":"publish","type":"post","link":"https:\/\/jms.com.bo\/mediamonitor\/2025\/04\/08\/arce-revela-que-el-mas-tiene-una-lista-de-precandidatos-para-las-elecciones-generales\/","title":{"rendered":"Arce revela que el MAS tiene una lista de precandidatos para las elecciones generales"},"content":{"rendered":"<p style=\"text-align: justify;\">El presidente, Luis Arce, inform\u00f3 este lunes que hay varios precandidatos al interior del Movimiento Al Socialismo (MAS) con miras a las elecciones generales del 17 de agosto de 2025, y que la definici\u00f3n se tomar\u00e1 en el congreso programado para el 3 de mayo.<\/p>\n<p style=\"text-align: justify;\">\u201cHemos visto, hay varios precandidatos, eso demuestra la fortaleza de la democracia interna que tiene nuestro instrumento pol\u00edtico y que se va a dilucidar todo eso en el mes de mayo\u201d, dijo Arce, sin dar nombres, en una conferencia de prensa en la Casa Grande del Pueblo.<\/p>\n<p style=\"text-align: justify;\">Record\u00f3 que el MAS, del ala liderada por Gr\u00f3ver Garc\u00eda, sostendr\u00e1 un congreso nacional el 3 de mayo para elegir al binomio presidencial.<\/p>\n<p style=\"text-align: justify;\">\u201cHemos tenido como MAS hace un par de fines de semana atr\u00e1s un congreso para la modificaci\u00f3n de los estatutos del instrumento pol\u00edtico (\u2026) y esperamos que el Tribunal Supremo Electoral pueda, en sus instancias que correspondan, aprobarlo consecuentemente. En ese estatuto se establece una convocatoria de 30 d\u00edas para el ampliado nacional\u201d, dijo Arce.<\/p>\n<p style=\"text-align: justify;\">En febrero, Arce fue proclamado<\/p>\n<p style=\"text-align: justify;\">El 23 de febrero, la ministra de la Presidencia, Mar\u00eda Nela Prada, afirm\u00f3 en un acto en Santa Cruz que Arce ser\u00eda el candidato del MAS. \u201cEl presidente Luis Arce es nuestro candidato 2025-2030\u201d, dijo entonces.<\/p>\n<p style=\"text-align: justify;\">Ese mes, otros actores y sectores tambi\u00e9n proclamaron al mandatario como candidato, entre ellos el MAS arcista en Beni y el alcalde de La Guardia, Rufino Correa.<\/p>\n<p style=\"text-align: justify;\">\u201cLo necesitamos nuevamente como presidente. La Guardia lo necesita hermano presidente (\u2026) Por lo tanto, hoy, como alcalde, con muchas organizaciones sociales, lo vamos a proclamar como candidato a presidente. Hermano Luis Arce Catacora, queda proclamado como nuestro candidato\u201d, dijo en un acto el 17 de febrero.<\/p>\n<p style=\"text-align: justify;\">Encuesta lo ubica en \u00faltimo lugar<\/p>\n<p style=\"text-align: justify;\">El jueves 27 de marzo se difundi\u00f3 una encuesta de Captura Consulting, contratada por Red UNO, que ubic\u00f3 a Arce con solo 1% de intenci\u00f3n de voto. En primer lugar figuraba el presidente del Senado, Andr\u00f3nico Rodr\u00edguez, con 18%, seguido por los opositores Samuel Doria Medina (17%) y Jorge Tuto Quiroga (16%).<\/p>\n<p style=\"text-align: justify;\">El domingo 30 de marzo se conocieron los resultados de una encuesta de Panterra, encargada por el empresario Marcelo Claure. El estudio indic\u00f3 que Rodr\u00edguez lidera con 25%, seguido por Doria Medina con 16%, Quiroga con 15%, Chi Hyun Chung con 13% y Manfred Reyes Villa con 11%.<\/p>\n","protected":false},"excerpt":{"rendered":"<p>El presidente, Luis Arce, inform\u00f3 este lunes que hay varios precandidatos al interior del Movimiento Al Socialismo (MAS) con miras a las elecciones generales del 17 de agosto de 2025, y que la definici\u00f3n se tomar\u00e1 en el congreso programado para el 3 de mayo. \u201cHemos visto, hay varios precandidatos, eso demuestra la fortaleza de [&hellip;]<\/p>\n","protected":false},"author":4,"featured_media":75616,"comment_status":"open","ping_status":"closed","sticky":false,"template":"","format":"standard","meta":{"footnotes":""},"categories":[18],"tags":[],"class_list":{"0":"post-75615","1":"post","2":"type-post","3":"status-publish","4":"format-standard","5":"has-post-thumbnail","7":"category-politica"},"_links":{"self":[{"href":"https:\/\/jms.com.bo\/mediamonitor\/wp-json\/wp\/v2\/posts\/75615","targetHints":{"allow":["GET"]}}],"collection":[{"href":"https:\/\/jms.com.bo\/mediamonitor\/wp-json\/wp\/v2\/posts"}],"about":[{"href":"https:\/\/jms.com.bo\/mediamonitor\/wp-json\/wp\/v2\/types\/post"}],"author":[{"embeddable":true,"href":"https:\/\/jms.com.bo\/mediamonitor\/wp-json\/wp\/v2\/users\/4"}],"replies":[{"embeddable":true,"href":"https:\/\/jms.com.bo\/mediamonitor\/wp-json\/wp\/v2\/comments?post=75615"}],"version-history":[{"count":0,"href":"https:\/\/jms.com.bo\/mediamonitor\/wp-json\/wp\/v2\/posts\/75615\/revisions"}],"wp:featuredmedia":[{"embeddable":true,"href":"https:\/\/jms.com.bo\/mediamonitor\/wp-json\/wp\/v2\/media\/75616"}],"wp:attachment":[{"href":"https:\/\/jms.com.bo\/mediamonitor\/wp-json\/wp\/v2\/media?parent=75615"}],"wp:term":[{"taxonomy":"category","embeddable":true,"href":"https:\/\/jms.com.bo\/mediamonitor\/wp-json\/wp\/v2\/categories?post=75615"},{"taxonomy":"post_tag","embeddable":true,"href":"https:\/\/jms.com.bo\/mediamonitor\/wp-json\/wp\/v2\/tags?post=75615"}],"curies":[{"name":"wp","href":"https:\/\/api.w.org\/{rel}","templated":true}]}}