{"id":75627,"date":"2025-04-08T07:40:21","date_gmt":"2025-04-08T11:40:21","guid":{"rendered":"https:\/\/jms.com.bo\/mediamonitor\/2025\/04\/08\/precios-suben-y-la-inflacion-se-acelera\/"},"modified":"2025-04-08T07:40:21","modified_gmt":"2025-04-08T11:40:21","slug":"precios-suben-y-la-inflacion-se-acelera","status":"publish","type":"post","link":"https:\/\/jms.com.bo\/mediamonitor\/2025\/04\/08\/precios-suben-y-la-inflacion-se-acelera\/","title":{"rendered":"Precios suben y la inflaci\u00f3n se acelera"},"content":{"rendered":"<p style=\"text-align: justify;\">A marzo la inflaci\u00f3n acumulada alcanz\u00f3 alrededor del 67% del proyectado para este a\u00f1o por el Gobierno (7,5%); al respecto economistas se\u00f1alaron que est\u00e1n dadas las condiciones para que este porcentaje pase del 20% y los precios sigan subiendo.<\/p>\n<p style=\"text-align: justify;\">Las familias m\u00e1s vulnerables sentir\u00e1n m\u00e1s los efectos del impuesto inflacionario, dijo el analista econ\u00f3mico, Gonzalo Ch\u00e1vez, en sus redes sociales, a tiempo de lamentar la falta de pol\u00edticas estructurales que comiencen a frenar la inflaci\u00f3n, entre estas medidas se\u00f1al\u00f3 a dejar emitir dinero y bajar el gasto fiscal.<\/p>\n<p style=\"text-align: justify;\">La inflaci\u00f3n al mes de marzo de 2025 fue del 1,71%, que despu\u00e9s de una leve disminuci\u00f3n en febrero, ha retomado de nuevo su ascenso, registrando un crecimiento de 0,44 puntos porcentuales respecto a ese mes, cifra que la colocar como la m\u00e1s elevada de los \u00faltimos 40 a\u00f1os (1986-2025), de acuerdo al presidente del Colegio Departamental de Economistas de Tarija, Fernando Romero.<\/p>\n<p style=\"text-align: justify;\">\u201cSolo la inflaci\u00f3n del a\u00f1o 1985 fue m\u00e1s alta, que lleg\u00f3 al 24,94%\u201d, apunt\u00f3 el economista a tiempo de indicar la inflaci\u00f3n de marzo fue superior a la acumulada de cada una de las gestiones del 2018 al 2021. De hecho, representa el 50% de toda la inflaci\u00f3n 2022, y el 80% de la gesti\u00f3n 2023.<\/p>\n<p style=\"text-align: justify;\">Respecto a la inflaci\u00f3n acumulada a marzo 2025, la misma fue del 5%. La cual es la m\u00e1s elevada en los \u00faltimos 33 a\u00f1os (1993-2025). Este dato, es m\u00e1s alto que las inflaciones totales de los a\u00f1os 2015 al 2023, sostuvo.<\/p>\n<p style=\"text-align: justify;\">Ese porcentaje alcanza a 67% de la meta gubernamental fijada para el 2025, de 7,5%. Esta inflaci\u00f3n acumulada a marzo 2025 representa ya el 50% de toda la inflaci\u00f3n registrada en el 2024.<\/p>\n<p style=\"text-align: justify;\">En cuanto a la inflaci\u00f3n por divisi\u00f3n, se ha observado que los \u201calimentos y bebidas no alcoh\u00f3licas\u201d tuvo una cifra acumulada e interanual, m\u00e1s alta desde el 2009, con un 8,81% y 25,28% respectivamente.<\/p>\n<p style=\"text-align: justify;\">La causa principal de esta inflaci\u00f3n elevada, acelerada y sostenida en este primer semestre del 2025, como la del a\u00f1o pasado, es la falta de d\u00f3lares en la econom\u00eda (formal, informal, p\u00fablico y privada) y su precio elevado en el mercado paralelo que ahora ronda cerca a los 13 bolivianos.<\/p>\n<p style=\"text-align: justify;\">Por su parte, Ch\u00e1vez explic\u00f3 que los trabajadores ya perdieron 5% de su salario y se mostr\u00f3 partidario de congelar el aumento salarial para la presente gesti\u00f3n, debido a que influir\u00e1 m\u00e1s en la inflaci\u00f3n.<\/p>\n<p style=\"text-align: justify;\">Asimismo, inform\u00f3 que los trabajadores destinan el 70% de su salario a la compra de alimentos y ahora con esta inflaci\u00f3n galopante, los gastos subieron en 25%, si se anualiza los datos, por lo que la gente ha optado por no comprar o reducir las compras.<\/p>\n<p style=\"text-align: justify;\">Por ello sostuvo que la inflaci\u00f3n es el peor impuesto que hay en la econom\u00eda y afecta a los m\u00e1s vulnerables.<\/p>\n<p style=\"text-align: justify;\">Por su parte, el analista financiero, Mauricio R\u00edos Garc\u00eda, escribi\u00f3 en su cuenta \u201cX\u201d, \u201cBolivia dispara su inflaci\u00f3n (y apenas comienza)\u201d.<\/p>\n<p style=\"text-align: justify;\">\u201cA este ritmo, Bolivia cerrar\u00e1 el 2025 con una inflaci\u00f3n mayor al 21%. Es cierto, el gobierno de Luis Arce es un Gobierno sin futuro, pero al menos deber\u00eda preocuparse un poquito por la terrible herencia que est\u00e1 dejando\u201d, reflexion\u00f3 el analista econ\u00f3mico Gabriel Espinoza en su cuenta de \u201cX\u201d.<\/p>\n<p style=\"text-align: justify;\">\n","protected":false},"excerpt":{"rendered":"<p>A marzo la inflaci\u00f3n acumulada alcanz\u00f3 alrededor del 67% del proyectado para este a\u00f1o por el Gobierno (7,5%); al respecto economistas se\u00f1alaron que est\u00e1n dadas las condiciones para que este porcentaje pase del 20% y los precios sigan subiendo. Las familias m\u00e1s vulnerables sentir\u00e1n m\u00e1s los efectos del impuesto inflacionario, dijo el analista econ\u00f3mico, Gonzalo [&hellip;]<\/p>\n","protected":false},"author":4,"featured_media":75629,"comment_status":"open","ping_status":"closed","sticky":false,"template":"","format":"standard","meta":{"footnotes":""},"categories":[25,45,48],"tags":[],"class_list":{"0":"post-75627","1":"post","2":"type-post","3":"status-publish","4":"format-standard","5":"has-post-thumbnail","7":"category-economia","8":"category-portada-economia","9":"category-portada-general-sitio"},"_links":{"self":[{"href":"https:\/\/jms.com.bo\/mediamonitor\/wp-json\/wp\/v2\/posts\/75627","targetHints":{"allow":["GET"]}}],"collection":[{"href":"https:\/\/jms.com.bo\/mediamonitor\/wp-json\/wp\/v2\/posts"}],"about":[{"href":"https:\/\/jms.com.bo\/mediamonitor\/wp-json\/wp\/v2\/types\/post"}],"author":[{"embeddable":true,"href":"https:\/\/jms.com.bo\/mediamonitor\/wp-json\/wp\/v2\/users\/4"}],"replies":[{"embeddable":true,"href":"https:\/\/jms.com.bo\/mediamonitor\/wp-json\/wp\/v2\/comments?post=75627"}],"version-history":[{"count":0,"href":"https:\/\/jms.com.bo\/mediamonitor\/wp-json\/wp\/v2\/posts\/75627\/revisions"}],"wp:featuredmedia":[{"embeddable":true,"href":"https:\/\/jms.com.bo\/mediamonitor\/wp-json\/wp\/v2\/media\/75629"}],"wp:attachment":[{"href":"https:\/\/jms.com.bo\/mediamonitor\/wp-json\/wp\/v2\/media?parent=75627"}],"wp:term":[{"taxonomy":"category","embeddable":true,"href":"https:\/\/jms.com.bo\/mediamonitor\/wp-json\/wp\/v2\/categories?post=75627"},{"taxonomy":"post_tag","embeddable":true,"href":"https:\/\/jms.com.bo\/mediamonitor\/wp-json\/wp\/v2\/tags?post=75627"}],"curies":[{"name":"wp","href":"https:\/\/api.w.org\/{rel}","templated":true}]}}