{"id":75633,"date":"2025-04-08T07:42:57","date_gmt":"2025-04-08T11:42:57","guid":{"rendered":"https:\/\/jms.com.bo\/mediamonitor\/2025\/04\/08\/el-bus-electrico-de-cochabamba-esta-listo-para-la-etapa-de-prueba-de-rendimiento\/"},"modified":"2025-04-08T07:42:57","modified_gmt":"2025-04-08T11:42:57","slug":"el-bus-electrico-de-cochabamba-esta-listo-para-la-etapa-de-prueba-de-rendimiento","status":"publish","type":"post","link":"https:\/\/jms.com.bo\/mediamonitor\/2025\/04\/08\/el-bus-electrico-de-cochabamba-esta-listo-para-la-etapa-de-prueba-de-rendimiento\/","title":{"rendered":"El bus el\u00e9ctrico de Cochabamba est\u00e1 listo para la etapa de prueba de rendimiento"},"content":{"rendered":"<p style=\"text-align: justify;\">El primer y \u00fanico bus el\u00e9ctrico del pa\u00eds comenzar\u00e1 esta semana a recorrer las calles de la ciudad de Cochabamba en una primera etapa de prueba de rendimiento. Posteriormente, llevar\u00e1n el bus a Tarija y Chuquisaca, seg\u00fan el alcalde Manfred Reyes Villa.<\/p>\n<p style=\"text-align: justify;\">\u201cEsta semana lo vamos a poner en funcionamiento al veh\u00edculo en Cochabamba. Luego lo llevaremos a Tarija y Chuquisaca para que vean los beneficios tambi\u00e9n en esas regiones\u201d, se\u00f1al\u00f3 el alcalde cochabambino.<\/p>\n<p style=\"text-align: justify;\">El sector del transporte probar\u00e1 el prototipo, de acuerdo a un cronograma elaborado por el gobierno municipal; es decir que cada sindicato tendr\u00e1 la opci\u00f3n de acceder al veh\u00edculo.<\/p>\n<p style=\"text-align: justify;\">Seguridad, cero emisi\u00f3n de gases y bajos costos de mantenimiento son algunas caracter\u00edsticas de los buses el\u00e9ctricos que se espera puedan operar en la urbe cochabambina, de esa forma se abrir\u00e1n las puertas a la electromovilidad.<\/p>\n<p style=\"text-align: justify;\">El veh\u00edculo est\u00e1 totalmente equipado, con capacidad de traslado de hasta 28 personas.<\/p>\n<p style=\"text-align: justify;\">Reyes Villa present\u00f3 el primer bus el\u00e9ctrico del pa\u00eds el pasado 4 de marzo. Explic\u00f3 que el bus fue fabricado en funci\u00f3n de las caracter\u00edsticas solicitadas por los transportistas al gobierno municipal.<\/p>\n<p style=\"text-align: justify;\">\u201cSe hizo fabricar un bus de acorde a las necesidades y calles que tiene Cochabamba. Un bus que realmente servir\u00e1 a los intereses de los hermanos transportistas\u201d, se\u00f1al\u00f3 el alcalde.<\/p>\n<p style=\"text-align: justify;\">COSTO<br \/>\nCon relaci\u00f3n al costo del motorizado, el Alcalde indic\u00f3 que ser\u00e1 de aproximadamente $us 60.000; sin embargo, los transportistas tendr\u00e1n la opci\u00f3n de adquirirlos a cr\u00e9dito.<\/p>\n<p style=\"text-align: justify;\">En criterio del alcalde, el bus el\u00e9ctrico no solo significa una mejora en el transporte, sino tambi\u00e9n en la calidad de vida de los ciudadanos. Con una autonom\u00eda de 200 kil\u00f3metros y una reducci\u00f3n de costos operativos del 52,3%, esta tecnolog\u00eda permitir\u00e1 un transporte p\u00fablico m\u00e1s accesible, ecol\u00f3gico y eficiente.<\/p>\n","protected":false},"excerpt":{"rendered":"<p>El primer y \u00fanico bus el\u00e9ctrico del pa\u00eds comenzar\u00e1 esta semana a recorrer las calles de la ciudad de Cochabamba en una primera etapa de prueba de rendimiento. Posteriormente, llevar\u00e1n el bus a Tarija y Chuquisaca, seg\u00fan el alcalde Manfred Reyes Villa. \u201cEsta semana lo vamos a poner en funcionamiento al veh\u00edculo en Cochabamba. Luego [&hellip;]<\/p>\n","protected":false},"author":4,"featured_media":75634,"comment_status":"open","ping_status":"closed","sticky":false,"template":"","format":"standard","meta":{"footnotes":""},"categories":[39],"tags":[],"class_list":{"0":"post-75633","1":"post","2":"type-post","3":"status-publish","4":"format-standard","5":"has-post-thumbnail","7":"category-energia"},"_links":{"self":[{"href":"https:\/\/jms.com.bo\/mediamonitor\/wp-json\/wp\/v2\/posts\/75633","targetHints":{"allow":["GET"]}}],"collection":[{"href":"https:\/\/jms.com.bo\/mediamonitor\/wp-json\/wp\/v2\/posts"}],"about":[{"href":"https:\/\/jms.com.bo\/mediamonitor\/wp-json\/wp\/v2\/types\/post"}],"author":[{"embeddable":true,"href":"https:\/\/jms.com.bo\/mediamonitor\/wp-json\/wp\/v2\/users\/4"}],"replies":[{"embeddable":true,"href":"https:\/\/jms.com.bo\/mediamonitor\/wp-json\/wp\/v2\/comments?post=75633"}],"version-history":[{"count":0,"href":"https:\/\/jms.com.bo\/mediamonitor\/wp-json\/wp\/v2\/posts\/75633\/revisions"}],"wp:featuredmedia":[{"embeddable":true,"href":"https:\/\/jms.com.bo\/mediamonitor\/wp-json\/wp\/v2\/media\/75634"}],"wp:attachment":[{"href":"https:\/\/jms.com.bo\/mediamonitor\/wp-json\/wp\/v2\/media?parent=75633"}],"wp:term":[{"taxonomy":"category","embeddable":true,"href":"https:\/\/jms.com.bo\/mediamonitor\/wp-json\/wp\/v2\/categories?post=75633"},{"taxonomy":"post_tag","embeddable":true,"href":"https:\/\/jms.com.bo\/mediamonitor\/wp-json\/wp\/v2\/tags?post=75633"}],"curies":[{"name":"wp","href":"https:\/\/api.w.org\/{rel}","templated":true}]}}