{"id":75635,"date":"2025-04-08T07:44:31","date_gmt":"2025-04-08T11:44:31","guid":{"rendered":"https:\/\/jms.com.bo\/mediamonitor\/2025\/04\/08\/lanzan-la-finergy-2025-la-feria-que-impulsara-soluciones-energeticas-en-bolivia\/"},"modified":"2025-04-08T07:44:31","modified_gmt":"2025-04-08T11:44:31","slug":"lanzan-la-finergy-2025-la-feria-que-impulsara-soluciones-energeticas-en-bolivia","status":"publish","type":"post","link":"https:\/\/jms.com.bo\/mediamonitor\/2025\/04\/08\/lanzan-la-finergy-2025-la-feria-que-impulsara-soluciones-energeticas-en-bolivia\/","title":{"rendered":"Lanzan la Finergy 2025, la feria que impulsar\u00e1 soluciones energ\u00e9ticas en Bolivia"},"content":{"rendered":"<p style=\"text-align: justify;\">El Colegio de Ingenieros El\u00e9ctricos de Santa Cruz anunci\u00f3 el lanzamiento de la s\u00e9ptima edici\u00f3n de la Feria Internacional de Energ\u00edas (Finergy 2025), que reunir\u00e1 a expertos, empresas y autoridades, con el objetivo de impulsar soluciones sostenibles para el futuro energ\u00e9tico del pa\u00eds.<\/p>\n<p style=\"text-align: justify;\">La feria se realizar\u00e1 los d\u00edas 11, 12 y 13 de junio en el Hotel Marriott de la ciudad de Santa Cruz de la Sierra, inform\u00f3 \u00c9dgar Arteaga, presidente del Colegio de Ingenieros El\u00e9ctricos de esa regi\u00f3n.<\/p>\n<p style=\"text-align: justify;\">\u00abFinergy 2025 es m\u00e1s que una feria comercial, es un espacio de convergencia donde la innovaci\u00f3n, el conocimiento y los negocios se fusionan para impulsar el desarrollo sostenible\u00bb, destac\u00f3.<\/p>\n<p style=\"text-align: justify;\">Participar\u00e1n m\u00e1s de 50 empresas l\u00edderes en equipos, tecnolog\u00edas y soluciones energ\u00e9ticas; que abordar\u00e1n temas en sectores como industria, miner\u00eda, telecomunicaciones, agroganader\u00eda, medio ambiente, ciudades inteligentes y dom\u00f3tica.<\/p>\n<p style=\"text-align: justify;\">Finergy<br \/>\nAl respecto, Luis Fernando A\u00f1ez, experto en energ\u00eda y vicepresidente de la Sociedad de Ingenieros de Santa Cruz, destac\u00f3 el encuentro que reunir\u00e1 a l\u00edderes del sector; adem\u00e1s de empresarios, acad\u00e9micos y representantes de entidades p\u00fablicas para \u201cpromover la colaboraci\u00f3n; y la acci\u00f3n de cara a un futuro energ\u00e9tico m\u00e1s limpio y eficiente\u00bb.<\/p>\n<p style=\"text-align: justify;\">Los organizadores resaltaron que los asistentes podr\u00e1n conocer de primera mano veh\u00edculos el\u00e9ctricos en exhibici\u00f3n; ya que habr\u00e1 una muestra del potencial de la electromovilidad como alternativa a la crisis actual. Adem\u00e1s de tecnolog\u00eda de punta para aprovechar la energ\u00eda solar en los hogares o lugares alejados donde no llegue la electricidad.<\/p>\n<p style=\"text-align: justify;\">Finergy 2025 ofrecer\u00e1 conferencias magistrales, paneles de discusi\u00f3n, exhibiciones interactivas y espacios de networking; y ofrecer\u00e1 a los participantes una plataforma \u00fanica para el aprendizaje, el intercambio de experiencias y la generaci\u00f3n de alianzas estrat\u00e9gicas.<\/p>\n<p style=\"text-align: justify;\">Se dise\u00f1\u00f3, adem\u00e1s, un programa especial para incentivar la participaci\u00f3n de j\u00f3venes profesionales y estudiantes; que promueve el desarrollo de la pr\u00f3xima generaci\u00f3n de l\u00edderes en energ\u00eda sostenible.<\/p>\n","protected":false},"excerpt":{"rendered":"<p>El Colegio de Ingenieros El\u00e9ctricos de Santa Cruz anunci\u00f3 el lanzamiento de la s\u00e9ptima edici\u00f3n de la Feria Internacional de Energ\u00edas (Finergy 2025), que reunir\u00e1 a expertos, empresas y autoridades, con el objetivo de impulsar soluciones sostenibles para el futuro energ\u00e9tico del pa\u00eds. La feria se realizar\u00e1 los d\u00edas 11, 12 y 13 de junio [&hellip;]<\/p>\n","protected":false},"author":4,"featured_media":75636,"comment_status":"open","ping_status":"closed","sticky":false,"template":"","format":"standard","meta":{"footnotes":""},"categories":[39,44,48],"tags":[],"class_list":{"0":"post-75635","1":"post","2":"type-post","3":"status-publish","4":"format-standard","5":"has-post-thumbnail","7":"category-energia","8":"category-portada-energia","9":"category-portada-general-sitio"},"_links":{"self":[{"href":"https:\/\/jms.com.bo\/mediamonitor\/wp-json\/wp\/v2\/posts\/75635","targetHints":{"allow":["GET"]}}],"collection":[{"href":"https:\/\/jms.com.bo\/mediamonitor\/wp-json\/wp\/v2\/posts"}],"about":[{"href":"https:\/\/jms.com.bo\/mediamonitor\/wp-json\/wp\/v2\/types\/post"}],"author":[{"embeddable":true,"href":"https:\/\/jms.com.bo\/mediamonitor\/wp-json\/wp\/v2\/users\/4"}],"replies":[{"embeddable":true,"href":"https:\/\/jms.com.bo\/mediamonitor\/wp-json\/wp\/v2\/comments?post=75635"}],"version-history":[{"count":0,"href":"https:\/\/jms.com.bo\/mediamonitor\/wp-json\/wp\/v2\/posts\/75635\/revisions"}],"wp:featuredmedia":[{"embeddable":true,"href":"https:\/\/jms.com.bo\/mediamonitor\/wp-json\/wp\/v2\/media\/75636"}],"wp:attachment":[{"href":"https:\/\/jms.com.bo\/mediamonitor\/wp-json\/wp\/v2\/media?parent=75635"}],"wp:term":[{"taxonomy":"category","embeddable":true,"href":"https:\/\/jms.com.bo\/mediamonitor\/wp-json\/wp\/v2\/categories?post=75635"},{"taxonomy":"post_tag","embeddable":true,"href":"https:\/\/jms.com.bo\/mediamonitor\/wp-json\/wp\/v2\/tags?post=75635"}],"curies":[{"name":"wp","href":"https:\/\/api.w.org\/{rel}","templated":true}]}}